{"id":1000,"date":"2025-04-30T05:45:02","date_gmt":"2025-04-30T09:45:02","guid":{"rendered":"https:\/\/radiopoloniawinnipeg.com\/index.php\/2025\/04\/30\/podsumowanie-wyborow-statystyka-i-ostateczne-wyniki\/"},"modified":"2025-04-30T05:45:02","modified_gmt":"2025-04-30T09:45:02","slug":"podsumowanie-wyborow-statystyka-i-ostateczne-wyniki","status":"publish","type":"post","link":"https:\/\/radiopoloniawinnipeg.com\/index.php\/2025\/04\/30\/podsumowanie-wyborow-statystyka-i-ostateczne-wyniki\/","title":{"rendered":"Podsumowanie wybor\u00f3w \u2013 statystyka i ostateczne wyniki"},"content":{"rendered":"<p>Wed\u0142ug danych Elections Canada, w tegorocznych wyborach federalnych udzia\u0142 wzi\u0119\u0142o ponad 68 procent uprawnionych do g\u0142osowania, co oznacza, \u017ce przy urnach pojawi\u0142o si\u0119 ponad 19,5 miliona obywateli. Cho\u0107 spodziewano si\u0119 jeszcze wy\u017cszej frekwencji, nie uda\u0142o si\u0119 pobi\u0107 rekordu z marca 1958 roku, kiedy zag\u0142osowa\u0142o 79,4 procent Kanadyjczyk\u00f3w. Tegoroczny wynik \u2013 68,7 procent \u2013 to jednak najwy\u017csza frekwencja od wybor\u00f3w w 1993 roku, kiedy g\u0142os odda\u0142o 69,6 procent wyborc\u00f3w. Wst\u0119pne szacunki wskazuj\u0105, \u017ce w dniu g\u0142osowania do lokali wyborczych oraz o\u015brodk\u00f3w opieki d\u0142ugoterminowej uda\u0142o si\u0119 oko\u0142o 11 milion\u00f3w os\u00f3b. Kolejne 7,3 miliona obywateli skorzysta\u0142o z mo\u017cliwo\u015bci g\u0142osowania przedterminowego, a 1,2 miliona odda\u0142o g\u0142os w trybie specjalnym. Elections Canada nie zbiera danych demograficznych na temat g\u0142osuj\u0105cych, dlatego nie wiadomo, kt\u00f3re grupy spo\u0142eczne najliczniej uczestniczy\u0142y w wyborach. Agencja zapowiada jednak, \u017ce powyborcze badania mog\u0105 pom\u00f3c zidentyfikowa\u0107 te grupy, kt\u00f3re napotka\u0142y bariery w dost\u0119pie do g\u0142osowania, a tak\u017ce wska\u017c\u0105, jak mo\u017cna je wyeliminowa\u0107 w przysz\u0142o\u015bci. Partia Liberalna zdoby\u0142a 43,7 procent g\u0142os\u00f3w i 169 mandat\u00f3w, Partia Konserwatywna \u2013 41,3 procent g\u0142os\u00f3w i 144 miejsca w parlamencie. Bloc Qu\u00e9b\u00e9cois oraz Nowa Partia Demokratyczna (NDP) uzyska\u0142y po 6,3 procent poparcia i wprowadz\u0105 odpowiednio 22 i 7 pos\u0142\u00f3w. Na podst. Canadian Press<\/p>\n","protected":false},"excerpt":{"rendered":"<p>Wed\u0142ug danych Elections Canada, w tegorocznych wyborach federalnych udzia\u0142 wzi\u0119\u0142o ponad 68 procent uprawnionych do g\u0142osowania, co oznacza, \u017ce przy urnach pojawi\u0142o si\u0119 ponad 19,5&hellip;<\/p>\n","protected":false},"author":3,"featured_media":1001,"comment_status":"open","ping_status":"open","sticky":false,"template":"","format":"standard","meta":{"footnotes":""},"categories":[12,18],"tags":[],"class_list":["post-1000","post","type-post","status-publish","format-standard","has-post-thumbnail","hentry","category-kanada","category-top-news"],"_links":{"self":[{"href":"https:\/\/radiopoloniawinnipeg.com\/index.php\/wp-json\/wp\/v2\/posts\/1000","targetHints":{"allow":["GET"]}}],"collection":[{"href":"https:\/\/radiopoloniawinnipeg.com\/index.php\/wp-json\/wp\/v2\/posts"}],"about":[{"href":"https:\/\/radiopoloniawinnipeg.com\/index.php\/wp-json\/wp\/v2\/types\/post"}],"author":[{"embeddable":true,"href":"https:\/\/radiopoloniawinnipeg.com\/index.php\/wp-json\/wp\/v2\/users\/3"}],"replies":[{"embeddable":true,"href":"https:\/\/radiopoloniawinnipeg.com\/index.php\/wp-json\/wp\/v2\/comments?post=1000"}],"version-history":[{"count":0,"href":"https:\/\/radiopoloniawinnipeg.com\/index.php\/wp-json\/wp\/v2\/posts\/1000\/revisions"}],"wp:featuredmedia":[{"embeddable":true,"href":"https:\/\/radiopoloniawinnipeg.com\/index.php\/wp-json\/wp\/v2\/media\/1001"}],"wp:attachment":[{"href":"https:\/\/radiopoloniawinnipeg.com\/index.php\/wp-json\/wp\/v2\/media?parent=1000"}],"wp:term":[{"taxonomy":"category","embeddable":true,"href":"https:\/\/radiopoloniawinnipeg.com\/index.php\/wp-json\/wp\/v2\/categories?post=1000"},{"taxonomy":"post_tag","embeddable":true,"href":"https:\/\/radiopoloniawinnipeg.com\/index.php\/wp-json\/wp\/v2\/tags?post=1000"}],"curies":[{"name":"wp","href":"https:\/\/api.w.org\/{rel}","templated":true}]}}