{"id":1010,"date":"2025-04-30T12:15:05","date_gmt":"2025-04-30T16:15:05","guid":{"rendered":"https:\/\/radiopoloniawinnipeg.com\/index.php\/2025\/04\/30\/watykan-przygotowania-do-konklawe\/"},"modified":"2025-04-30T12:15:05","modified_gmt":"2025-04-30T16:15:05","slug":"watykan-przygotowania-do-konklawe","status":"publish","type":"post","link":"https:\/\/radiopoloniawinnipeg.com\/index.php\/2025\/04\/30\/watykan-przygotowania-do-konklawe\/","title":{"rendered":"Watykan &#8211; przygotowania do konklawe"},"content":{"rendered":"<p>Stolica Apostolska og\u0142osi\u0142a, \u017ce konklawe, podczas kt\u00f3rego kardyna\u0142owie wybior\u0105 nowego papie\u017ca, rozpocznie si\u0119 w \u015brod\u0119 7 maja. Tego dnia o godzinie 10:00 w Bazylice \u015bw. Piotra zostanie odprawiona msza \u015bwi\u0119ta Pro Eligendo Pontifice, kt\u00f3rej przewodniczy\u0107 b\u0119dzie kard. Giovanni Battista Re, dziekan Kolegium Kardynalskiego. Oficjalne rozpocz\u0119cie konklawe zaplanowano na godz. 16:30. Uroczysto\u015b\u0107 rozpocznie si\u0119 modlitw\u0105 w Kaplicy Pauli\u0144skiej Pa\u0142acu Apostolskiego, po kt\u00f3rej kardyna\u0142owie w procesji przejd\u0105 do Kaplicy Syksty\u0144skiej, gdzie odb\u0119dzie si\u0119 g\u0142osowanie. Nie wszyscy uprawnieni do g\u0142osowania kardyna\u0142owie b\u0119d\u0105 jednak uczestniczy\u0107 w konklawe. Dw\u00f3ch z nich nie przyjedzie do Watykanu z powod\u00f3w zdrowotnych, a trzeci \u2013 kard. Giovanni Angelo Becciu z Sardynii \u2013 poinformowa\u0142, \u017ce rezygnuje z udzia\u0142u, wykonuj\u0105c wol\u0119 papie\u017ca Franciszka. Becciu zosta\u0142 wcze\u015bniej skazany za nadu\u017cycia finansowe, cho\u0107 w o\u015bwiadczeniu zapewni\u0142 o swojej niewinno\u015bci. 135 kardyna\u0142\u00f3w z ca\u0142ego \u015bwiata Do udzia\u0142u w konklawe uprawnionych jest 135 kardyna\u0142\u00f3w-elektor\u00f3w: \u2013 53 z Europy \u2013 37 z obu Ameryk \u2013 23 z Azji \u2013 18 z Afryki \u2013 4 z Oceanii Najm\u0142odszym z nich jest 45-letni kard. Mykola Bychok, pos\u0142uguj\u0105cy w Australii. Najstarszy \u2014 hiszpa\u0144ski kard. Carlos Osoro Sierra \u2014 16 maja uko\u0144czy 80 lat. W gronie elektor\u00f3w znajduje si\u0119 jeszcze pi\u0119ciu kardyna\u0142\u00f3w mianowanych przez \u015bw. Jana Paw\u0142a II: Philippe Barbarin (Francja), Josip Bozani\u0107 (Chorwacja), P\u00e9ter Erd\u0151 (W\u0119gry), Vinko Pulji\u0107 (Bo\u015bnia i Hercegowina) oraz Peter Turkson (Ghana). Polscy kardyna\u0142owie na konklawe W Kolegium Kardynalskim zasiada obecnie pi\u0119ciu polskich kardyna\u0142\u00f3w, z czego czterech b\u0119dzie uczestniczy\u0107 w wyborze papie\u017ca: \u2013 Kard. Kazimierz Nycz \u2013 metropolita warszawski, uczestnik poprzednich konklawe \u2013 Kard. Konrad Krajewski \u2013 ja\u0142mu\u017cnik papieski, mieszkaj\u0105cy i pracuj\u0105cy w Rzymie \u2013 Kard. Grzegorz Ry\u015b \u2013 metropolita \u0142\u00f3dzki, mianowany kardyna\u0142em w 2023 roku \u2013 Kard. Stanis\u0142aw Ry\u0142ko \u2013 archiprezbiter bazyliki Matki Bo\u017cej Wi\u0119kszej w Rzymie; jego prawo do g\u0142osowania wyga\u015bnie 4 lipca 2025 r., gdy uko\u0144czy 80 lat Z kolei kard. Stanis\u0142aw Dziwisz, kt\u00f3ry uko\u0144czy\u0142 80 lat, nie ma ju\u017c prawa udzia\u0142u w konklawe. Na podst. KAI<\/p>\n","protected":false},"excerpt":{"rendered":"<p>Stolica Apostolska og\u0142osi\u0142a, \u017ce konklawe, podczas kt\u00f3rego kardyna\u0142owie wybior\u0105 nowego papie\u017ca, rozpocznie si\u0119 w \u015brod\u0119 7 maja. Tego dnia o godzinie 10:00 w Bazylice \u015bw.&hellip;<\/p>\n","protected":false},"author":3,"featured_media":1011,"comment_status":"open","ping_status":"open","sticky":false,"template":"","format":"standard","meta":{"footnotes":""},"categories":[15,18],"tags":[],"class_list":["post-1010","post","type-post","status-publish","format-standard","has-post-thumbnail","hentry","category-swiat","category-top-news"],"_links":{"self":[{"href":"https:\/\/radiopoloniawinnipeg.com\/index.php\/wp-json\/wp\/v2\/posts\/1010","targetHints":{"allow":["GET"]}}],"collection":[{"href":"https:\/\/radiopoloniawinnipeg.com\/index.php\/wp-json\/wp\/v2\/posts"}],"about":[{"href":"https:\/\/radiopoloniawinnipeg.com\/index.php\/wp-json\/wp\/v2\/types\/post"}],"author":[{"embeddable":true,"href":"https:\/\/radiopoloniawinnipeg.com\/index.php\/wp-json\/wp\/v2\/users\/3"}],"replies":[{"embeddable":true,"href":"https:\/\/radiopoloniawinnipeg.com\/index.php\/wp-json\/wp\/v2\/comments?post=1010"}],"version-history":[{"count":0,"href":"https:\/\/radiopoloniawinnipeg.com\/index.php\/wp-json\/wp\/v2\/posts\/1010\/revisions"}],"wp:featuredmedia":[{"embeddable":true,"href":"https:\/\/radiopoloniawinnipeg.com\/index.php\/wp-json\/wp\/v2\/media\/1011"}],"wp:attachment":[{"href":"https:\/\/radiopoloniawinnipeg.com\/index.php\/wp-json\/wp\/v2\/media?parent=1010"}],"wp:term":[{"taxonomy":"category","embeddable":true,"href":"https:\/\/radiopoloniawinnipeg.com\/index.php\/wp-json\/wp\/v2\/categories?post=1010"},{"taxonomy":"post_tag","embeddable":true,"href":"https:\/\/radiopoloniawinnipeg.com\/index.php\/wp-json\/wp\/v2\/tags?post=1010"}],"curies":[{"name":"wp","href":"https:\/\/api.w.org\/{rel}","templated":true}]}}