{"id":1012,"date":"2025-04-30T13:45:03","date_gmt":"2025-04-30T17:45:03","guid":{"rendered":"https:\/\/radiopoloniawinnipeg.com\/index.php\/2025\/04\/30\/alberta-przedstawia-projekt-ustawy-ulatwiajacej-odlaczenie-sie-od-kanady\/"},"modified":"2025-04-30T13:45:03","modified_gmt":"2025-04-30T17:45:03","slug":"alberta-przedstawia-projekt-ustawy-ulatwiajacej-odlaczenie-sie-od-kanady","status":"publish","type":"post","link":"https:\/\/radiopoloniawinnipeg.com\/index.php\/2025\/04\/30\/alberta-przedstawia-projekt-ustawy-ulatwiajacej-odlaczenie-sie-od-kanady\/","title":{"rendered":"Alberta przedstawia projekt ustawy u\u0142atwiaj\u0105cej od\u0142\u0105czenie si\u0119 od Kanady"},"content":{"rendered":"<p data-start=\"78\" data-end=\"298\"><img decoding=\"async\" loading=\"lazy\" class=\"alignnone size-custom-full-size wp-image-210672\" src=\"https:\/\/bejsment.com\/wp-content\/uploads\/2025\/04\/flags-636x391.jpg\" alt=\"\" width=\"636\" height=\"391\" \/><\/p>\n<p class=\"\" data-start=\"78\" data-end=\"298\"><strong>Dzie\u0144 po tym, jak Libera\u0142owie po raz czwarty z rz\u0119du zdobyli mandat do rz\u0105dzenia Kanad\u0105, rz\u0105d Alberty przedstawi\u0142 projekt ustawy, kt\u00f3ry u\u0142atwi\u0142by przeprowadzenie referendum \u2013 r\u00f3wnie\u017c takiego dotycz\u0105cego od\u0142\u0105czenia si\u0119 od reszty Kanady.<\/strong><\/p>\n<p class=\"\" data-start=\"300\" data-end=\"505\">\u2013 I tak planowali\u015bmy j\u0105 przedstawi\u0107, niezale\u017cnie od wyniku wybor\u00f3w \u2013 powiedzia\u0142a premier Alberty Danielle Smith. \u2013 Tak si\u0119 po prostu z\u0142o\u017cy\u0142o, \u017ce teraz wr\u00f3cili\u015bmy po tygodniowej przerwie w pracy w okr\u0119gach.<\/p>\n<p class=\"\" data-start=\"507\" data-end=\"773\">Projekt ustawy 54 wprowadza szereg zmian w zasadach wyborczych w Albercie. Jedn\u0105 z nich jest obni\u017cenie progu dla referendum inicjowanego przez obywateli \u2013 z obecnych 20% uprawnionych do g\u0142osowania do 10% os\u00f3b, kt\u00f3re faktycznie wzi\u0119\u0142y udzia\u0142 w ostatnich wyborach. Projekt zak\u0142ada r\u00f3wnie\u017c wyd\u0142u\u017cenie czasu na zebranie podpis\u00f3w \u2013 z 90 do 120 dni.<\/p>\n<p class=\"\" data-start=\"857\" data-end=\"1073\">Premier Alberty utrzymuje, \u017ce Pierre Poilievre powinien pozosta\u0107 liderem Partii Konserwatywnej, mimo utraty swojego mandatu poselskiego. Twierdzi tak\u017ce, \u017ce nie \u017ca\u0142uje swojego wp\u0142ywu, jaki mog\u0142a mie\u0107 na wynik wybor\u00f3w.<\/p>\n<p class=\"\" data-start=\"1075\" data-end=\"1219\">Chocia\u017c premier otwarcie kibicowa\u0142a zwyci\u0119stwu konserwatyst\u00f3w pod wodz\u0105 Poilievre\u2019a, po wygranej Marka Carneya zapewnia, \u017ce nie popiera separacji. \u2013 Wierz\u0119 w suwerenno\u015b\u0107 Alberty w ramach zjednoczonej Kanady \u2013 powiedzia\u0142a Smith. \u2013 Istnieje jednak proces referendum obywatelskiego. Je\u015bli obywatele chc\u0105 umie\u015bci\u0107 jakie\u015b pytanie na karcie do g\u0142osowania i uzyskaj\u0105 wystarczaj\u0105ce poparcie, to takie pytanie zostanie przedstawione. Nie chc\u0119 jednak uprzedza\u0107, czego mog\u0142oby dotyczy\u0107.<\/p>\n<p class=\"\" data-start=\"1586\" data-end=\"1677\">Tymczasem opozycyjna NDP w Albercie oskar\u017ca premier o niebezpieczne i tch\u00f3rzliwe podej\u015bcie. \u2013 Je\u015bli kokietujesz z ide\u0105 separacji, zwo\u0142aj referendum \u2013 powiedzia\u0142 Naheed Nenshi. \u2013 Po prostu to zr\u00f3bmy i zobaczmy, co maj\u0105 do powiedzenia Albertanie. A tak przy okazji, pani premier \u2013 kiedy przegra pani to referendum, prosz\u0119 na zawsze zrezygnowa\u0107 z \u017cycia publicznego.<\/p>\n<p class=\"\" data-start=\"1949\" data-end=\"2127\">Przed wyborami federalnymi niemal jedna trzecia mieszka\u0144c\u00f3w Alberty (30%) deklarowa\u0142a w sonda\u017cach, \u017ce chcia\u0142aby od\u0142\u0105czy\u0107 si\u0119 od Kanady, je\u015bli Libera\u0142owie ponownie wygraj\u0105 wybory.<\/p>\n<p class=\"\" data-start=\"2129\" data-end=\"2213\">Na sobot\u0119 planowany jest wiec niepodleg\u0142o\u015bciowy przed gmachem legislatury prowincji.<\/p>\n<p class=\"\" data-start=\"2258\" data-end=\"2523\">W\u015br\u00f3d rosn\u0105cej liczby zwolennik\u00f3w separacji znalaz\u0142 si\u0119 nowy lider Partii Republika\u0144skiej Alberty \u2013 Cameron Davies, by\u0142y organizator UCP (Zjednoczonej Partii Konserwatywnej). Obiecuje on setki spotka\u0144 w mniejszych miejscowo\u015bciach, by promowa\u0107 ide\u0119 \u201erozwodu z Kanad\u0105\u201d. \u2013 Po dekadach pr\u00f3b pojednania z reszt\u0105 kraju nadszed\u0142 czas, by zako\u0144czy\u0107 t\u0119 toksyczn\u0105 i przemocow\u0105 relacj\u0119 z Ottaw\u0105 i wschodni\u0105 Kanad\u0105 \u2013 powiedzia\u0142 Davies.<\/p>\n<p class=\"\" data-start=\"2682\" data-end=\"2816\">Publicysta polityczny Graham Thomson przypomina jednak, \u017ce rozmowy o niepodleg\u0142o\u015bci Alberty nie s\u0105 nowe \u2013 i nadal pozostaj\u0105 nierealne.<\/p>\n<p class=\"\" data-start=\"2818\" data-end=\"3077\">\u2013 To mrzonka \u2013 stwierdzi\u0142 Thomson, kt\u00f3ry relacjonuje polityk\u0119 prowincji od ko\u0144ca lat 80. \u2013 Separacja Alberty nie dojdzie do skutku, ale politycy cz\u0119sto si\u0119gaj\u0105 po ten temat, by podgrzewa\u0107 nastroje przeciwko rz\u0105dowi federalnemu, zw\u0142aszcza gdy rz\u0105dz\u0105 Libera\u0142owie.<\/p>\n<p class=\"\" data-start=\"3079\" data-end=\"3215\">Dzi\u0119ki wi\u0119kszo\u015bci parlamentarnej UCP, projekt ustawy 54 najprawdopodobniej zostanie uchwalony. Mo\u017ce wej\u015b\u0107 w \u017cycie ju\u017c za kilka miesi\u0119cy.<\/p>\n","protected":false},"excerpt":{"rendered":"<p>Dzie\u0144 po tym, jak Libera\u0142owie po raz czwarty z rz\u0119du zdobyli mandat do rz\u0105dzenia Kanad\u0105, rz\u0105d Alberty przedstawi\u0142 projekt ustawy, kt\u00f3ry u\u0142atwi\u0142by przeprowadzenie referendum \u2013&hellip;<\/p>\n","protected":false},"author":3,"featured_media":1013,"comment_status":"open","ping_status":"open","sticky":false,"template":"","format":"standard","meta":{"footnotes":""},"categories":[12,18],"tags":[],"class_list":["post-1012","post","type-post","status-publish","format-standard","has-post-thumbnail","hentry","category-kanada","category-top-news"],"_links":{"self":[{"href":"https:\/\/radiopoloniawinnipeg.com\/index.php\/wp-json\/wp\/v2\/posts\/1012","targetHints":{"allow":["GET"]}}],"collection":[{"href":"https:\/\/radiopoloniawinnipeg.com\/index.php\/wp-json\/wp\/v2\/posts"}],"about":[{"href":"https:\/\/radiopoloniawinnipeg.com\/index.php\/wp-json\/wp\/v2\/types\/post"}],"author":[{"embeddable":true,"href":"https:\/\/radiopoloniawinnipeg.com\/index.php\/wp-json\/wp\/v2\/users\/3"}],"replies":[{"embeddable":true,"href":"https:\/\/radiopoloniawinnipeg.com\/index.php\/wp-json\/wp\/v2\/comments?post=1012"}],"version-history":[{"count":0,"href":"https:\/\/radiopoloniawinnipeg.com\/index.php\/wp-json\/wp\/v2\/posts\/1012\/revisions"}],"wp:featuredmedia":[{"embeddable":true,"href":"https:\/\/radiopoloniawinnipeg.com\/index.php\/wp-json\/wp\/v2\/media\/1013"}],"wp:attachment":[{"href":"https:\/\/radiopoloniawinnipeg.com\/index.php\/wp-json\/wp\/v2\/media?parent=1012"}],"wp:term":[{"taxonomy":"category","embeddable":true,"href":"https:\/\/radiopoloniawinnipeg.com\/index.php\/wp-json\/wp\/v2\/categories?post=1012"},{"taxonomy":"post_tag","embeddable":true,"href":"https:\/\/radiopoloniawinnipeg.com\/index.php\/wp-json\/wp\/v2\/tags?post=1012"}],"curies":[{"name":"wp","href":"https:\/\/api.w.org\/{rel}","templated":true}]}}