{"id":1033,"date":"2025-05-02T08:45:04","date_gmt":"2025-05-02T12:45:04","guid":{"rendered":"https:\/\/radiopoloniawinnipeg.com\/index.php\/2025\/05\/02\/trudeau-znow-w-ogniu-krytyki-sprawa-we-charity-wraca-do-sadu\/"},"modified":"2025-05-02T08:45:04","modified_gmt":"2025-05-02T12:45:04","slug":"trudeau-znow-w-ogniu-krytyki-sprawa-we-charity-wraca-do-sadu","status":"publish","type":"post","link":"https:\/\/radiopoloniawinnipeg.com\/index.php\/2025\/05\/02\/trudeau-znow-w-ogniu-krytyki-sprawa-we-charity-wraca-do-sadu\/","title":{"rendered":"Trudeau zn\u00f3w w ogniu krytyki. Sprawa WE Charity wraca do s\u0105du"},"content":{"rendered":"<p><img decoding=\"async\" loading=\"lazy\" class=\"aligncenter size-custom-full-size wp-image-210786\" src=\"https:\/\/bejsment.com\/wp-content\/uploads\/2025\/05\/aatrudeau-636x722.jpg\" alt=\"\" width=\"636\" height=\"722\" \/><\/p>\n<p><strong>S\u0105d Najwy\u017cszy Kanady zgodzi\u0142 si\u0119 zbada\u0107, czy grupa obywatelska mo\u017ce kontynuowa\u0107 post\u0119powanie przeciwko federalnemu raportowi etycznemu dotycz\u0105cym udzia\u0142u Justina Trudeau w decyzji zwi\u0105zanej z organizacj\u0105 WE Charity.<\/strong><\/p>\n<p>Decyzja og\u0142oszona w czwartek oznacza powr\u00f3t do jednej z kontrowersji, kt\u00f3re dominowa\u0142y w kanadyjskich mediach podczas pandemii COVID-19.<\/p>\n<p>W maju 2021 roku \u00f3wczesny komisarz ds. etyki, Mario Dion, uzna\u0142, \u017ce Trudeau \u2013 w\u00f3wczas premier \u2013 nie z\u0142ama\u0142 przepis\u00f3w ustawy o konflikcie interes\u00f3w, uczestnicz\u0105c w procesie decyzyjnym dotycz\u0105cym WE Charity. W 2020 roku organizacja ta zosta\u0142a wybrana przez rz\u0105d federalny do realizacji wielomilionowego programu promuj\u0105cego wolontariat w\u015br\u00f3d student\u00f3w w odpowiedzi na pandemi\u0119.<\/p>\n<p>W\u0105tpliwo\u015bci wywo\u0142a\u0142y powi\u0105zania rodziny Trudeau z WE Charity. Premier uczestniczy\u0142 w o\u015bmiu wydarzeniach WE Day od 2007 roku, jego \u017cona by\u0142a honorow\u0105 ambasadork\u0105 organizacji, a matka i brat wyst\u0119powali w wydarzeniach organizowanych przez WE \u2013 za wynagrodzeniem.<\/p>\n<p>Trudeau przyzna\u0142 p\u00f3\u017aniej, \u017ce powinien by\u0142 wy\u0142\u0105czy\u0107 si\u0119 z podejmowania decyzji w tej sprawie ze wzgl\u0119du na mo\u017cliwy konflikt interes\u00f3w. Dion stwierdzi\u0142 jednak, \u017ce cho\u0107 w takiej sytuacji wskazane by\u0142oby wycofanie si\u0119 i poinformowanie komisarza, ustawa nie wymaga tego wprost.<\/p>\n<p>W czerwcu 2021 roku grupa Democracy Watch z\u0142o\u017cy\u0142a wniosek o s\u0105dow\u0105 kontrol\u0119 decyzji komisarza, zarzucaj\u0105c b\u0142\u0119dn\u0105 interpretacj\u0119 przepis\u00f3w i nie\u015bcis\u0142o\u015bci w ocenie relacji Trudeau z jednym z za\u0142o\u017cycieli WE Charity.<\/p>\n<p>Prawnicy reprezentuj\u0105cy rz\u0105d argumentowali, \u017ce ustawa o konflikcie interes\u00f3w nie dopuszcza s\u0105dowej rewizji decyzji komisarza w zakresie ustale\u0144 prawnych i faktycznych. Federalny S\u0105d Apelacyjny zgodzi\u0142 si\u0119 z t\u0105 argumentacj\u0105 i oddali\u0142 wniosek Democracy Watch.<\/p>\n<p>W uzasadnieniu s\u0105d stwierdzi\u0142, \u017ce ustawa przewiduje \u201epodw\u00f3jny nadz\u00f3r parlamentarny i s\u0105dowy\u201d oraz \u017ce etyczne post\u0119powanie urz\u0119dnik\u00f3w powinno podlega\u0107 g\u0142\u00f3wnie politycznym konsekwencjom i ocenie parlamentu.<\/p>\n<p>Democracy Watch odwo\u0142a\u0142a si\u0119 do S\u0105du Najwy\u017cszego, kt\u00f3ry w czwartek przyj\u0105\u0142 spraw\u0119 do rozpatrzenia. Zgodnie z praktyk\u0105, s\u0105d nie poda\u0142 przyczyn swojej decyzji i nie wyznaczy\u0142 jeszcze daty rozprawy.<\/p>\n<p>Decyzja S\u0105du Najwy\u017cszego o przyj\u0119ciu sprawy nie przes\u0105dza o winie by\u0142ego premiera, ale umo\u017cliwia \u2013 w przypadku niekorzystnego dla Trudeau rozstrzygni\u0119cia \u2013 przysz\u0142e postawienie by\u0142ego premiera w bardzo niekorzystnej sytuacji.<\/p>\n<p style=\"text-align: right\"><em>Na podst. Canadian Press<\/em><\/p>\n","protected":false},"excerpt":{"rendered":"<p>S\u0105d Najwy\u017cszy Kanady zgodzi\u0142 si\u0119 zbada\u0107, czy grupa obywatelska mo\u017ce kontynuowa\u0107 post\u0119powanie przeciwko federalnemu raportowi etycznemu dotycz\u0105cym udzia\u0142u Justina Trudeau w decyzji zwi\u0105zanej z organizacj\u0105&hellip;<\/p>\n","protected":false},"author":3,"featured_media":1034,"comment_status":"open","ping_status":"open","sticky":false,"template":"","format":"standard","meta":{"footnotes":""},"categories":[12,18],"tags":[],"class_list":["post-1033","post","type-post","status-publish","format-standard","has-post-thumbnail","hentry","category-kanada","category-top-news"],"_links":{"self":[{"href":"https:\/\/radiopoloniawinnipeg.com\/index.php\/wp-json\/wp\/v2\/posts\/1033","targetHints":{"allow":["GET"]}}],"collection":[{"href":"https:\/\/radiopoloniawinnipeg.com\/index.php\/wp-json\/wp\/v2\/posts"}],"about":[{"href":"https:\/\/radiopoloniawinnipeg.com\/index.php\/wp-json\/wp\/v2\/types\/post"}],"author":[{"embeddable":true,"href":"https:\/\/radiopoloniawinnipeg.com\/index.php\/wp-json\/wp\/v2\/users\/3"}],"replies":[{"embeddable":true,"href":"https:\/\/radiopoloniawinnipeg.com\/index.php\/wp-json\/wp\/v2\/comments?post=1033"}],"version-history":[{"count":0,"href":"https:\/\/radiopoloniawinnipeg.com\/index.php\/wp-json\/wp\/v2\/posts\/1033\/revisions"}],"wp:featuredmedia":[{"embeddable":true,"href":"https:\/\/radiopoloniawinnipeg.com\/index.php\/wp-json\/wp\/v2\/media\/1034"}],"wp:attachment":[{"href":"https:\/\/radiopoloniawinnipeg.com\/index.php\/wp-json\/wp\/v2\/media?parent=1033"}],"wp:term":[{"taxonomy":"category","embeddable":true,"href":"https:\/\/radiopoloniawinnipeg.com\/index.php\/wp-json\/wp\/v2\/categories?post=1033"},{"taxonomy":"post_tag","embeddable":true,"href":"https:\/\/radiopoloniawinnipeg.com\/index.php\/wp-json\/wp\/v2\/tags?post=1033"}],"curies":[{"name":"wp","href":"https:\/\/api.w.org\/{rel}","templated":true}]}}