{"id":1037,"date":"2025-05-02T11:15:02","date_gmt":"2025-05-02T15:15:02","guid":{"rendered":"https:\/\/radiopoloniawinnipeg.com\/index.php\/2025\/05\/02\/zimna-wojna-wsrod-konserwatystow\/"},"modified":"2025-05-02T11:15:02","modified_gmt":"2025-05-02T15:15:02","slug":"zimna-wojna-wsrod-konserwatystow","status":"publish","type":"post","link":"https:\/\/radiopoloniawinnipeg.com\/index.php\/2025\/05\/02\/zimna-wojna-wsrod-konserwatystow\/","title":{"rendered":"Zimna wojna w\u015br\u00f3d Konserwatyst\u00f3w"},"content":{"rendered":"<p><img decoding=\"async\" loading=\"lazy\" class=\"aligncenter size-custom-full-size wp-image-210794\" src=\"https:\/\/bejsment.com\/wp-content\/uploads\/2025\/05\/aafordpolievre2-636x424.jpg\" alt=\"\" width=\"636\" height=\"424\" \/><\/p>\n<p><strong>Premier Ontario Doug Ford odni\u00f3s\u0142 si\u0119 do widocznego rozd\u017awi\u0119ku mi\u0119dzy federalnymi i prowincyjnymi Konserwatystami po rozczarowuj\u0105cym wyniku Partii Konserwatywnej w wyborach federalnych. Wypowied\u017a pad\u0142a w \u015brod\u0119, przy okazji og\u0142aszania przez jego rz\u0105d nowych, surowych \u015brodk\u00f3w przeciwdzia\u0142ania przest\u0119pczo\u015bci.<\/strong><\/p>\n<p>Zapytany, dlaczego nie wspar\u0142 Pierre\u2019a Poilievre\u2019a i nie poruszy\u0142 tych samych temat\u00f3w w trakcie kampanii wyborczej, Ford najpierw odpar\u0142, \u017ce \u201enie powinien ingerowa\u0107 w wybory federalne\u201d. Po chwili doda\u0142 jednak:<br \/>\n\u2013 Ostatnio, gdy sprawdza\u0142em, Pierre Poilievre nigdy nie pojawi\u0142 si\u0119 w naszych wyborach. Co wi\u0119cej, on lub kt\u00f3ry\u015b z jego zast\u0119pc\u00f3w powiedzia\u0142 swoim ludziom: \u201eNie wa\u017ccie si\u0119 wspiera\u0107 Progresywnych Konserwatyst\u00f3w\u201d. Czy to nie ironiczne?<\/p>\n<p>Ford zaznaczy\u0142 jednocze\u015bnie, \u017ce szanuje decyzj\u0119 wyborc\u00f3w, niezale\u017cnie od ich preferencji politycznych.<br \/>\n\u2013 Ludzie przem\u00f3wili. Nie mam nic do powiedzenia na temat tego, na kogo g\u0142osuj\u0105 \u2013 stwierdzi\u0142.<\/p>\n<p>Dwa miesi\u0105ce wcze\u015bniej Ford poprowadzi\u0142 swoj\u0105 Parti\u0119 Post\u0119powo-Konserwatywn\u0105 do trzeciego z rz\u0119du zwyci\u0119stwa w wyborach prowincyjnych. Tymczasem federalni Konserwaty\u015bci, mimo poprawy wzgl\u0119dem poprzednich wybor\u00f3w, nie zdo\u0142ali zdoby\u0107 w\u0142adzy, a Pierre Poilievre przegra\u0142 nawet w swoim okr\u0119gu wyborczym w Ottawie.<\/p>\n<p>Partia liczy\u0142a na prze\u0142om w Ontario, szczeg\u00f3lnie w aglomeracji Toronto (GTA), jednak Ford nie popar\u0142 publicznie Poilievre\u2019a ani nie wzi\u0105\u0142 udzia\u0142u w kampanii. Co wi\u0119cej, jego szef kampanii, Kory Teneycke, ostro skrytykowa\u0142 strategi\u0119 Konserwatyst\u00f3w, zarzucaj\u0105c im marnowanie przewagi i brak skutecznego przekazu w sprawie ameryka\u0144skich ce\u0142.<\/p>\n<p>Mimo to niekt\u00f3rzy cz\u0142onkowie prowincyjnego rz\u0105du, jak Caroline Mulroney \u2013 minister ds. frankofo\u0144skich i przewodnicz\u0105ca rady skarbu \u2013 wsparli federalnych Konserwatyst\u00f3w.<\/p>\n<p>Po og\u0142oszeniu wynik\u00f3w w poniedzia\u0142ek wieczorem, pose\u0142 z Durham i by\u0142y doradca Forda, Jamil Jivani, zarzuci\u0142 mu sprzyjanie Libera\u0142om, cz\u0119\u015bciowo obarczaj\u0105c go win\u0105 za pora\u017ck\u0119 Konserwatyst\u00f3w. W \u015brod\u0119 Jivani opublikowa\u0142 na platformie spo\u0142eczno\u015bciowej przerobione zdj\u0119cie przedstawiaj\u0105ce Forda jako zapa\u015bnika zrywaj\u0105cego kamizelk\u0119 z logo PC, pod kt\u00f3r\u0105 widnia\u0142a czerwona koszulka Libera\u0142\u00f3w.<\/p>\n<p>Ford odni\u00f3s\u0142 si\u0119 do tej krytyki, podkre\u015blaj\u0105c, \u017ce uznaje demokratyczny wyb\u00f3r Kanadyjczyk\u00f3w i zamierza rozlicza\u0107 ka\u017cdy federalny rz\u0105d \u2013 niezale\u017cnie od jego barw politycznych.<br \/>\n\u2013 Moj\u0105 rol\u0105 jest chroni\u0107 mieszka\u0144c\u00f3w Ontario. B\u0119d\u0119 wobec tego rz\u0105du tak samo stanowczy, jak wobec ka\u017cdego innego \u2013 zaznaczy\u0142.<\/p>\n<p>Pytany o napi\u0119cia mi\u0119dzy partyjnymi skrzyd\u0142ami, Ford zasugerowa\u0142, \u017ce to federalni Konserwaty\u015bci powinni zrobi\u0107 pierwszy krok.<br \/>\n\u2013 Wystarczy, \u017ce zadzwoni\u0105 \u2013 powiedzia\u0142. \u2013 Lubi\u0119 wielu pos\u0142\u00f3w. Ale ludzie przem\u00f3wili \u2013 zar\u00f3wno w naszych wyborach, jak i w federalnych. Taka jest demokracja.<\/p>\n<p style=\"text-align: right\"><em>Na podst. Canadian Press<\/em><\/p>\n","protected":false},"excerpt":{"rendered":"<p>Premier Ontario Doug Ford odni\u00f3s\u0142 si\u0119 do widocznego rozd\u017awi\u0119ku mi\u0119dzy federalnymi i prowincyjnymi Konserwatystami po rozczarowuj\u0105cym wyniku Partii Konserwatywnej w wyborach federalnych. Wypowied\u017a pad\u0142a w&hellip;<\/p>\n","protected":false},"author":3,"featured_media":1038,"comment_status":"open","ping_status":"open","sticky":false,"template":"","format":"standard","meta":{"footnotes":""},"categories":[12,18],"tags":[],"class_list":["post-1037","post","type-post","status-publish","format-standard","has-post-thumbnail","hentry","category-kanada","category-top-news"],"_links":{"self":[{"href":"https:\/\/radiopoloniawinnipeg.com\/index.php\/wp-json\/wp\/v2\/posts\/1037","targetHints":{"allow":["GET"]}}],"collection":[{"href":"https:\/\/radiopoloniawinnipeg.com\/index.php\/wp-json\/wp\/v2\/posts"}],"about":[{"href":"https:\/\/radiopoloniawinnipeg.com\/index.php\/wp-json\/wp\/v2\/types\/post"}],"author":[{"embeddable":true,"href":"https:\/\/radiopoloniawinnipeg.com\/index.php\/wp-json\/wp\/v2\/users\/3"}],"replies":[{"embeddable":true,"href":"https:\/\/radiopoloniawinnipeg.com\/index.php\/wp-json\/wp\/v2\/comments?post=1037"}],"version-history":[{"count":0,"href":"https:\/\/radiopoloniawinnipeg.com\/index.php\/wp-json\/wp\/v2\/posts\/1037\/revisions"}],"wp:featuredmedia":[{"embeddable":true,"href":"https:\/\/radiopoloniawinnipeg.com\/index.php\/wp-json\/wp\/v2\/media\/1038"}],"wp:attachment":[{"href":"https:\/\/radiopoloniawinnipeg.com\/index.php\/wp-json\/wp\/v2\/media?parent=1037"}],"wp:term":[{"taxonomy":"category","embeddable":true,"href":"https:\/\/radiopoloniawinnipeg.com\/index.php\/wp-json\/wp\/v2\/categories?post=1037"},{"taxonomy":"post_tag","embeddable":true,"href":"https:\/\/radiopoloniawinnipeg.com\/index.php\/wp-json\/wp\/v2\/tags?post=1037"}],"curies":[{"name":"wp","href":"https:\/\/api.w.org\/{rel}","templated":true}]}}