{"id":1043,"date":"2025-05-02T16:30:02","date_gmt":"2025-05-02T20:30:02","guid":{"rendered":"https:\/\/radiopoloniawinnipeg.com\/index.php\/2025\/05\/02\/mark-carney-oglasza-termin-spotkania-z-donaldem-trumpem\/"},"modified":"2025-05-02T16:30:02","modified_gmt":"2025-05-02T20:30:02","slug":"mark-carney-oglasza-termin-spotkania-z-donaldem-trumpem","status":"publish","type":"post","link":"https:\/\/radiopoloniawinnipeg.com\/index.php\/2025\/05\/02\/mark-carney-oglasza-termin-spotkania-z-donaldem-trumpem\/","title":{"rendered":"Mark Carney og\u0142asza termin spotkania z Donaldem Trumpem"},"content":{"rendered":"<p class=\"\" data-start=\"72\" data-end=\"200\"><strong>Premier Mark Carney og\u0142osi\u0142 w pi\u0105tek, \u017ce we wtorek spotka si\u0119 z prezydentem Stan\u00f3w Zjednoczonych Donaldem Trumpem w Bia\u0142ym Domu.<\/strong><\/p>\n<p class=\"\" data-start=\"202\" data-end=\"428\">B\u0119dzie to ich pierwsze spotkanie twarz\u0105 w twarz od czasu, gdy Carney obj\u0105\u0142 urz\u0105d premiera 14 marca. Spotkanie odb\u0119dzie si\u0119 jeszcze przed og\u0142oszeniem przez Carney&#8217;a nowego sk\u0142adu rz\u0105du, po poniedzia\u0142kowych wyborach federalnych.<\/p>\n<p class=\"\" data-start=\"430\" data-end=\"604\">Tematem rozm\u00f3w ma by\u0107 wojna handlowa Trumpa z Kanad\u0105 \u2013 rozmowy te mog\u0105 sta\u0107 si\u0119 punktem wyj\u015bcia do negocjacji nowej umowy handlowej i bezpiecze\u0144stwa ze Stanami Zjednoczonymi.<\/p>\n<p class=\"\" data-start=\"606\" data-end=\"829\">Podczas swojej pierwszej konferencji prasowej po zdobyciu mniejszo\u015bciowego mandatu w wyborach federalnych, Carney zosta\u0142 zapytany przez dziennikarzy, jak zamierza prowadzi\u0107 rozmowy w Parlamencie oraz z administracj\u0105 Trumpa. Na pytanie, czy za\u017c\u0105da zniesienia ameryka\u0144skich ce\u0142 jako warunku rozpocz\u0119cia negocjacji, Carney odpowiedzia\u0142, \u017ce nie zamierza prowadzi\u0107 negocjacji publicznie.<\/p>\n<p class=\"\" data-start=\"991\" data-end=\"1254\">Jeden z dziennikarzy zapyta\u0142, czy nie obawia si\u0119 \u201ezasadzki\u201d ze strony przedstawicieli administracji Trumpa \u2013 tak jak mia\u0142o to miejsce wcze\u015bniej w przypadku prezydenta Ukrainy Wo\u0142odymyra Ze\u0142enskiego. Carney odpar\u0142, \u017ce uda si\u0119 na to spotkanie \u201edobrze przygotowany\u201d.<\/p>\n<p class=\"\" data-start=\"1256\" data-end=\"1563\">\u2013 Jad\u0119 tam z oczekiwaniem trudnych, ale konstruktywnych rozm\u00f3w. W takim duchu prowadzone by\u0142y dotychczasowe rozmowy mi\u0119dzy mn\u0105 a prezydentem \u2013 powiedzia\u0142 Carney. \u2013 Wiecie, na takie spotkania idzie si\u0119 przygotowanym, znaj\u0105c cele rozm\u00f3wcy i zawsze dzia\u0142aj\u0105c w najlepszym interesie Kanady. I od tego zaczniemy.<\/p>\n<p class=\"\" data-start=\"1565\" data-end=\"1758\">Bia\u0142y Dom uzasadnia\u0142 c\u0142a wobec Kanady przep\u0142ywem \u015bmiertelnie niebezpiecznego fentanylu przez granic\u0119, mimo \u017ce na p\u00f3\u0142nocnym odcinku granicy przechwytywano tylko niewielkie ilo\u015bci tego narkotyku.<\/p>\n<p class=\"\" data-start=\"1760\" data-end=\"1888\">\u2013 B\u0119d\u0105 trudne rozmowy \u2013 powiedzia\u0142 Carney po francusku. \u2013 Nie rozumiemy, dlaczego taryfy zwi\u0105zane z fentanylem wci\u0105\u017c obowi\u0105zuj\u0105.<\/p>\n<p class=\"\" data-start=\"1890\" data-end=\"1973\">Trump wskazywa\u0142 r\u00f3wnie\u017c na deficyt handlowy USA z Kanad\u0105 jako uzasadnienie dla ce\u0142.<\/p>\n<p class=\"\" data-start=\"1975\" data-end=\"2336\">Wielokrotnie fa\u0142szywie twierdzi\u0142, \u017ce Stany Zjednoczone \u201edotuj\u0105\u201d Kanad\u0119 na kwot\u0119 200 miliard\u00f3w dolar\u00f3w rocznie. Tymczasem ameryka\u0144skie biuro ds. handlu poinformowa\u0142o, \u017ce deficyt handlowy USA z Kanad\u0105 w 2024 roku wyni\u00f3s\u0142 63,3 miliarda dolar\u00f3w, co oznacza spadek o 1,4 proc. wzgl\u0119dem roku 2023. Warto przy tym zaznaczy\u0107, \u017ce deficyt handlowy nie jest form\u0105 dotacji.<\/p>\n<p class=\"\" data-start=\"2338\" data-end=\"2599\">Carney prowadzi\u0142 kampani\u0119 jako kandydat najlepiej przygotowany do zmierzenia si\u0119 z agresywnym podej\u015bciem Trumpa, polegaj\u0105cym na wspieraniu ameryka\u0144skiego przemys\u0142u poprzez ogromne c\u0142a importowe, a tak\u017ce z jego gro\u017abami dotycz\u0105cymi uczynienia z Kanady stanu USA.<\/p>\n<p class=\"\" data-start=\"2601\" data-end=\"2697\">W trakcie kampanii Trump nieco z\u0142agodzi\u0142 retoryk\u0119 i nazwa\u0142 Carney&#8217;a \u201ebardzo mi\u0142ym d\u017centelmenem\u201d. Jednak w ostatnich dniach kampanii Trump zn\u00f3w zacz\u0105\u0142 m\u00f3wi\u0107 o uczynieniu z Kanady \u201eukochanego\u201d stanu USA.<\/p>\n<p class=\"\" data-start=\"2805\" data-end=\"2906\">Carney zapewni\u0142, \u017ce podczas ich wtorkowej rozmowy telefonicznej Trump nie wspomina\u0142 o aneksji Kanady. Premier podkre\u015bli\u0142, \u017ce w kontek\u015bcie wznawianych rozm\u00f3w handlowych i bezpiecze\u0144stwa z administracj\u0105 Trumpa, wa\u017cne jest oddzielenie \u201emarze\u0144 od rzeczywisto\u015bci\u201d. \u2013 Kanadyjczycy bardzo wyra\u017anie i niemal jednomy\u015blnie dali do zrozumienia, \u017ce to nigdy, przenigdy si\u0119 nie wydarzy \u2013 powiedzia\u0142 Carney, odnosz\u0105c si\u0119 do wypowiedzi Trumpa o aneksji.<\/p>\n<p class=\"\" data-start=\"3247\" data-end=\"3612\">\u2013 Spotykamy si\u0119 jako szefowie naszych rz\u0105d\u00f3w, by rozmawia\u0107 o partnerstwie kanadyjsko-ameryka\u0144skim. Nie udaj\u0119, \u017ce te rozmowy b\u0119d\u0105 \u0142atwe. Nie b\u0119d\u0105 przebiega\u0107 w linii prostej. B\u0119d\u0105 zwroty, b\u0119d\u0105 trudno\u015bci, ale jak powiedzia\u0142em \u2013 b\u0119d\u0119 walczy\u0107 o najlepsz\u0105 mo\u017cliw\u0105 umow\u0119 dla Kanady, przyjm\u0119 tylko to, co najlepsze dla Kanady i po\u015bwi\u0119c\u0119 na to tyle czasu, ile b\u0119dzie trzeba.<\/p>\n<p class=\"\" data-start=\"3614\" data-end=\"3772\">By\u0142y premier Justin Trudeau swoje ostatnie dni urz\u0119dowania sp\u0119dzi\u0142 pod nieustannym ostrza\u0142em ze strony Trumpa, kt\u00f3ry rozwa\u017ca\u0142 aneksj\u0119 i nak\u0142ada\u0142 kolejne c\u0142a.<\/p>\n","protected":false},"excerpt":{"rendered":"<p>Premier Mark Carney og\u0142osi\u0142 w pi\u0105tek, \u017ce we wtorek spotka si\u0119 z prezydentem Stan\u00f3w Zjednoczonych Donaldem Trumpem w Bia\u0142ym Domu. B\u0119dzie to ich pierwsze spotkanie&hellip;<\/p>\n","protected":false},"author":3,"featured_media":1044,"comment_status":"open","ping_status":"open","sticky":false,"template":"","format":"standard","meta":{"footnotes":""},"categories":[12,18],"tags":[],"class_list":["post-1043","post","type-post","status-publish","format-standard","has-post-thumbnail","hentry","category-kanada","category-top-news"],"_links":{"self":[{"href":"https:\/\/radiopoloniawinnipeg.com\/index.php\/wp-json\/wp\/v2\/posts\/1043","targetHints":{"allow":["GET"]}}],"collection":[{"href":"https:\/\/radiopoloniawinnipeg.com\/index.php\/wp-json\/wp\/v2\/posts"}],"about":[{"href":"https:\/\/radiopoloniawinnipeg.com\/index.php\/wp-json\/wp\/v2\/types\/post"}],"author":[{"embeddable":true,"href":"https:\/\/radiopoloniawinnipeg.com\/index.php\/wp-json\/wp\/v2\/users\/3"}],"replies":[{"embeddable":true,"href":"https:\/\/radiopoloniawinnipeg.com\/index.php\/wp-json\/wp\/v2\/comments?post=1043"}],"version-history":[{"count":0,"href":"https:\/\/radiopoloniawinnipeg.com\/index.php\/wp-json\/wp\/v2\/posts\/1043\/revisions"}],"wp:featuredmedia":[{"embeddable":true,"href":"https:\/\/radiopoloniawinnipeg.com\/index.php\/wp-json\/wp\/v2\/media\/1044"}],"wp:attachment":[{"href":"https:\/\/radiopoloniawinnipeg.com\/index.php\/wp-json\/wp\/v2\/media?parent=1043"}],"wp:term":[{"taxonomy":"category","embeddable":true,"href":"https:\/\/radiopoloniawinnipeg.com\/index.php\/wp-json\/wp\/v2\/categories?post=1043"},{"taxonomy":"post_tag","embeddable":true,"href":"https:\/\/radiopoloniawinnipeg.com\/index.php\/wp-json\/wp\/v2\/tags?post=1043"}],"curies":[{"name":"wp","href":"https:\/\/api.w.org\/{rel}","templated":true}]}}