{"id":1051,"date":"2025-05-03T08:30:03","date_gmt":"2025-05-03T12:30:03","guid":{"rendered":"https:\/\/radiopoloniawinnipeg.com\/index.php\/2025\/05\/03\/niemcy-odstraszaja-inwestorow-polska-ich-przyciaga\/"},"modified":"2025-05-03T08:30:03","modified_gmt":"2025-05-03T12:30:03","slug":"niemcy-odstraszaja-inwestorow-polska-ich-przyciaga","status":"publish","type":"post","link":"https:\/\/radiopoloniawinnipeg.com\/index.php\/2025\/05\/03\/niemcy-odstraszaja-inwestorow-polska-ich-przyciaga\/","title":{"rendered":"Niemcy odstraszaj\u0105 inwestor\u00f3w, Polska ich przyci\u0105ga"},"content":{"rendered":"<p><img decoding=\"async\" loading=\"lazy\" class=\"aligncenter size-custom-full-size wp-image-210923\" src=\"https:\/\/bejsment.com\/wp-content\/uploads\/2025\/05\/aafabryka2-636x358.jpg\" alt=\"\" width=\"636\" height=\"358\" \/><\/p>\n<p><strong>Niemiecka gospodarka zmaga si\u0119 z narastaj\u0105cymi problemami, kt\u00f3re \u2013 zdaniem Hildegard M\u00fcller, prezes Niemieckiego Stowarzyszenia Przemys\u0142u Motoryzacyjnego \u2013 wynikaj\u0105 przede wszystkim z wewn\u0119trznych b\u0142\u0119d\u00f3w polityki pa\u0144stwa. \u2013 Niemieck\u0105 gospodark\u0119 niszcz\u0105 wysokie koszty energii, nadmierne obci\u0105\u017cenia podatkowe i uci\u0105\u017cliwa biurokracja \u2013 alarmuje M\u00fcller w rozmowie z portalem Focus-Online.<\/strong><\/p>\n<p>M\u00fcller, by\u0142a bliska wsp\u00f3\u0142pracowniczka kanclerz Angeli Merkel, ostrzega, \u017ce Niemcy jako pot\u0119ga przemys\u0142owa przesta\u0142y by\u0107 konkurencyjne na arenie mi\u0119dzynarodowej. Jej zdaniem to nie Chiny ani Donald Trump s\u0105 najwi\u0119kszym zagro\u017ceniem dla niemieckiego przemys\u0142u samochodowego, lecz decyzje podejmowane w samych Niemczech.<\/p>\n<p>Cho\u0107 rz\u0105d kieruje do bran\u017cy motoryzacyjnej olbrzymie \u015brodki \u2013 w nadchodz\u0105cych latach ponad 500 miliard\u00f3w euro ma zosta\u0107 przeznaczonych na badania, rozw\u00f3j i inwestycje \u2013 nie rozwi\u0105zuje to systemowych problem\u00f3w. M\u00fcller podkre\u015bla, \u017ce mimo globalnego zainteresowania niemieckimi autami, ich producenci w kraju s\u0105 coraz bardziej ograniczani przez nadmiar regulacji i rosn\u0105ce koszty.<\/p>\n<p>\u2013 Niemiecka gospodarka tonie w morzu przepis\u00f3w, a mi\u0119dzynarodowe napi\u0119cia tylko pogarszaj\u0105 sytuacj\u0119 \u2013 ocenia. Przyk\u0142adem s\u0105 zapowiadane ameryka\u0144skie c\u0142a na europejskie pojazdy, kt\u00f3re mog\u0105 powa\u017cnie zaszkodzi\u0107 wymianie handlowej.<\/p>\n<p>R\u00f3wnocze\u015bnie M\u00fcller wskazuje, \u017ce niemieccy producenci nadal \u015bwietnie radz\u0105 sobie na rynku chi\u0144skim. \u2013 Na ka\u017cde 142 samochody sprzedane w Chinach przypada tylko jeden chi\u0144ski model \u2013 podkre\u015bla, dodaj\u0105c jednak, \u017ce Niemcom grozi \u201eroztrwonienie w\u0142asnej przewagi\u201d, je\u015bli nie dojdzie do gruntownych reform.<\/p>\n<p>Do krytyki wewn\u0119trznej sytuacji w Niemczech do\u0142\u0105czaj\u0105 tak\u017ce media. Dziennik \u201eDie Welt\u201d zwraca uwag\u0119 na rosn\u0105c\u0105 atrakcyjno\u015b\u0107 Polski jako kierunku dla niemieckich emigrant\u00f3w, szczeg\u00f3lnie w kontek\u015bcie dynamicznego wzrostu gospodarczego.<\/p>\n<p>\u2013 Droga do wzrostu nie jest daleka. Poci\u0105g z Berlina do Warszawy jedzie pi\u0119\u0107 godzin. Ka\u017cdy, kto nim podr\u00f3\u017cuje, trafia do innego \u015bwiata gospodarczego \u2013 pisze \u201eDie Welt\u201d, wskazuj\u0105c na Polsk\u0119 jako alternatyw\u0119 zar\u00f3wno dla inwestor\u00f3w, jak i dla os\u00f3b szukaj\u0105cych nowych perspektyw zawodowych.<\/p>\n<p style=\"text-align: right\"><em>Na podst. DW<\/em><\/p>\n","protected":false},"excerpt":{"rendered":"<p>Niemiecka gospodarka zmaga si\u0119 z narastaj\u0105cymi problemami, kt\u00f3re \u2013 zdaniem Hildegard M\u00fcller, prezes Niemieckiego Stowarzyszenia Przemys\u0142u Motoryzacyjnego \u2013 wynikaj\u0105 przede wszystkim z wewn\u0119trznych b\u0142\u0119d\u00f3w polityki&hellip;<\/p>\n","protected":false},"author":3,"featured_media":1052,"comment_status":"open","ping_status":"open","sticky":false,"template":"","format":"standard","meta":{"footnotes":""},"categories":[15,18],"tags":[],"class_list":["post-1051","post","type-post","status-publish","format-standard","has-post-thumbnail","hentry","category-swiat","category-top-news"],"_links":{"self":[{"href":"https:\/\/radiopoloniawinnipeg.com\/index.php\/wp-json\/wp\/v2\/posts\/1051","targetHints":{"allow":["GET"]}}],"collection":[{"href":"https:\/\/radiopoloniawinnipeg.com\/index.php\/wp-json\/wp\/v2\/posts"}],"about":[{"href":"https:\/\/radiopoloniawinnipeg.com\/index.php\/wp-json\/wp\/v2\/types\/post"}],"author":[{"embeddable":true,"href":"https:\/\/radiopoloniawinnipeg.com\/index.php\/wp-json\/wp\/v2\/users\/3"}],"replies":[{"embeddable":true,"href":"https:\/\/radiopoloniawinnipeg.com\/index.php\/wp-json\/wp\/v2\/comments?post=1051"}],"version-history":[{"count":0,"href":"https:\/\/radiopoloniawinnipeg.com\/index.php\/wp-json\/wp\/v2\/posts\/1051\/revisions"}],"wp:featuredmedia":[{"embeddable":true,"href":"https:\/\/radiopoloniawinnipeg.com\/index.php\/wp-json\/wp\/v2\/media\/1052"}],"wp:attachment":[{"href":"https:\/\/radiopoloniawinnipeg.com\/index.php\/wp-json\/wp\/v2\/media?parent=1051"}],"wp:term":[{"taxonomy":"category","embeddable":true,"href":"https:\/\/radiopoloniawinnipeg.com\/index.php\/wp-json\/wp\/v2\/categories?post=1051"},{"taxonomy":"post_tag","embeddable":true,"href":"https:\/\/radiopoloniawinnipeg.com\/index.php\/wp-json\/wp\/v2\/tags?post=1051"}],"curies":[{"name":"wp","href":"https:\/\/api.w.org\/{rel}","templated":true}]}}