{"id":1063,"date":"2025-05-04T08:30:06","date_gmt":"2025-05-04T12:30:06","guid":{"rendered":"https:\/\/radiopoloniawinnipeg.com\/index.php\/2025\/05\/04\/rubio-polska-i-ameryka-nigdy-nie-byly-sobie-blizsze\/"},"modified":"2025-05-04T08:30:06","modified_gmt":"2025-05-04T12:30:06","slug":"rubio-polska-i-ameryka-nigdy-nie-byly-sobie-blizsze","status":"publish","type":"post","link":"https:\/\/radiopoloniawinnipeg.com\/index.php\/2025\/05\/04\/rubio-polska-i-ameryka-nigdy-nie-byly-sobie-blizsze\/","title":{"rendered":"Rubio: Polska i Ameryka nigdy nie by\u0142y sobie bli\u017csze"},"content":{"rendered":"<div id=\"attachment_210979\" style=\"width: 646px\" class=\"wp-caption aligncenter\"><img decoding=\"async\" loading=\"lazy\" aria-describedby=\"caption-attachment-210979\" class=\"size-custom-full-size wp-image-210979\" src=\"https:\/\/bejsment.com\/wp-content\/uploads\/2025\/05\/aarubio-636x478.jpg\" alt=\"\" width=\"636\" height=\"478\" \/><\/p>\n<p id=\"caption-attachment-210979\" class=\"wp-caption-text\">Marco Rubio<\/p>\n<\/div>\n<p><strong>Ameryka\u0144ski sekretarz stanu Marco Rubio z\u0142o\u017cy\u0142 Polakom \u017cyczenia z okazji \u015awi\u0119ta Konstytucji 3 Maja, podkre\u015blaj\u0105c historyczne wi\u0119zi i silne partnerstwo \u0142\u0105cz\u0105ce Stany Zjednoczone i Polsk\u0119.<\/strong><\/p>\n<p>\u2013 W imieniu Stan\u00f3w Zjednoczonych Ameryki \u017cycz\u0119 wszystkim Polakom radosnego \u015awi\u0119ta Konstytucji \u2013 napisa\u0142 Rubio w o\u015bwiadczeniu opublikowanym na stronie internetowej Departamentu Stanu.<\/p>\n<p>Przypomnia\u0142, \u017ce uchwalona 3 maja 1791 roku Konstytucja by\u0142a pierwsz\u0105 nowoczesn\u0105 ustaw\u0105 zasadnicz\u0105 w Europie i drug\u0105 na \u015bwiecie, a jej demokratyczne warto\u015bci zbli\u017caj\u0105 oba narody do dzi\u015b. \u2013 Zasady te, przyj\u0119te odwa\u017cnie w obliczu zewn\u0119trznych zagro\u017ce\u0144, zjednoczy\u0142y i inspirowa\u0142y nasze kraje przez stulecia \u2013 zaznaczy\u0142.<\/p>\n<p>Rubio podkre\u015bli\u0142, \u017ce relacje polsko-ameryka\u0144skie s\u0105 obecnie silniejsze ni\u017c kiedykolwiek. \u2013 Polska radykalnie wzmocni\u0142a nasze wsp\u00f3lne bezpiecze\u0144stwo, aktywnie uczestnicz\u0105c w NATO i goszcz\u0105c tysi\u0105ce ameryka\u0144skich \u017co\u0142nierzy \u2013 wskaza\u0142.<\/p>\n<p>Zwr\u00f3ci\u0142 te\u017c uwag\u0119 na dynamicznie rozwijaj\u0105c\u0105 si\u0119 wsp\u00f3\u0142prac\u0119 gospodarcz\u0105 i energetyczn\u0105. \u2013 Nasze relacje handlowe kwitn\u0105, a my z niecierpliwo\u015bci\u0105 czekamy na dalsze wzmocnienie wsp\u00f3\u0142pracy w zakresie bezpiecze\u0144stwa energetycznego \u2013 doda\u0142.<\/p>\n<p>\u2013 Nasza wsp\u00f3lna przysz\u0142o\u015b\u0107 nigdy nie wygl\u0105da\u0142a ja\u015bniej. Z nadziej\u0105 patrz\u0119 na kolejny rok wsp\u00f3lnej obrony warto\u015bci, kt\u00f3re nas \u0142\u0105cz\u0105: wolno\u015bci, dobrobytu, bezpiecze\u0144stwa i demokracji \u2013 zako\u0144czy\u0142 ameryka\u0144ski sekretarz stanu.<\/p>\n<p>W tym roku przypada 234. rocznica uchwalenia Konstytucji 3 Maja \u2013 dokumentu, kt\u00f3ry sta\u0142 si\u0119 symbolem ambicji budowy nowoczesnego pa\u0144stwa. G\u0142\u00f3wne uroczysto\u015bci odby\u0142y si\u0119 na placu Zamkowym w Warszawie z udzia\u0142em prezydenta Andrzeja Dudy, premiera Donalda Tuska oraz innych najwa\u017cniejszych os\u00f3b w pa\u0144stwie.<\/p>\n<p style=\"text-align: right\"><em>Na podst. Polsat News<\/em><\/p>\n","protected":false},"excerpt":{"rendered":"<p>Marco Rubio Ameryka\u0144ski sekretarz stanu Marco Rubio z\u0142o\u017cy\u0142 Polakom \u017cyczenia z okazji \u015awi\u0119ta Konstytucji 3 Maja, podkre\u015blaj\u0105c historyczne wi\u0119zi i silne partnerstwo \u0142\u0105cz\u0105ce Stany Zjednoczone&hellip;<\/p>\n","protected":false},"author":3,"featured_media":1064,"comment_status":"open","ping_status":"open","sticky":false,"template":"","format":"standard","meta":{"footnotes":""},"categories":[15,18],"tags":[],"class_list":["post-1063","post","type-post","status-publish","format-standard","has-post-thumbnail","hentry","category-swiat","category-top-news"],"_links":{"self":[{"href":"https:\/\/radiopoloniawinnipeg.com\/index.php\/wp-json\/wp\/v2\/posts\/1063","targetHints":{"allow":["GET"]}}],"collection":[{"href":"https:\/\/radiopoloniawinnipeg.com\/index.php\/wp-json\/wp\/v2\/posts"}],"about":[{"href":"https:\/\/radiopoloniawinnipeg.com\/index.php\/wp-json\/wp\/v2\/types\/post"}],"author":[{"embeddable":true,"href":"https:\/\/radiopoloniawinnipeg.com\/index.php\/wp-json\/wp\/v2\/users\/3"}],"replies":[{"embeddable":true,"href":"https:\/\/radiopoloniawinnipeg.com\/index.php\/wp-json\/wp\/v2\/comments?post=1063"}],"version-history":[{"count":0,"href":"https:\/\/radiopoloniawinnipeg.com\/index.php\/wp-json\/wp\/v2\/posts\/1063\/revisions"}],"wp:featuredmedia":[{"embeddable":true,"href":"https:\/\/radiopoloniawinnipeg.com\/index.php\/wp-json\/wp\/v2\/media\/1064"}],"wp:attachment":[{"href":"https:\/\/radiopoloniawinnipeg.com\/index.php\/wp-json\/wp\/v2\/media?parent=1063"}],"wp:term":[{"taxonomy":"category","embeddable":true,"href":"https:\/\/radiopoloniawinnipeg.com\/index.php\/wp-json\/wp\/v2\/categories?post=1063"},{"taxonomy":"post_tag","embeddable":true,"href":"https:\/\/radiopoloniawinnipeg.com\/index.php\/wp-json\/wp\/v2\/tags?post=1063"}],"curies":[{"name":"wp","href":"https:\/\/api.w.org\/{rel}","templated":true}]}}