{"id":1065,"date":"2025-05-04T09:15:02","date_gmt":"2025-05-04T13:15:02","guid":{"rendered":"https:\/\/radiopoloniawinnipeg.com\/index.php\/2025\/05\/04\/alberta-nie-chcemy-juz-tej-kanady\/"},"modified":"2025-05-04T09:15:02","modified_gmt":"2025-05-04T13:15:02","slug":"alberta-nie-chcemy-juz-tej-kanady","status":"publish","type":"post","link":"https:\/\/radiopoloniawinnipeg.com\/index.php\/2025\/05\/04\/alberta-nie-chcemy-juz-tej-kanady\/","title":{"rendered":"Alberta &#8211; nie chcemy ju\u017c tej Kanady"},"content":{"rendered":"<p><img decoding=\"async\" loading=\"lazy\" class=\"aligncenter size-custom-full-size wp-image-210964\" src=\"https:\/\/bejsment.com\/wp-content\/uploads\/2025\/05\/aaalberta-636x437.jpg\" alt=\"\" width=\"636\" height=\"437\" \/><\/p>\n<p><strong>\u201eNigdy nie mamy znaczenia\u201d \u2013 m\u00f3wi\u0105 mieszka\u0144cy Alberty, kt\u00f3rzy w sobot\u0119 wyszli na ulice, by domaga\u0107 si\u0119 oderwania prowincji od Kanady. Frustracj\u0119 podsycaj\u0105 polityka federalna, wyniki wybor\u00f3w i poczucie wykluczenia z proces\u00f3w decyzyjnych.<\/strong><\/p>\n<p>Jeszcze niedawno Katheryn Speck z dum\u0105 nosi\u0142a klonowy li\u015b\u0107 na plecaku i mieszka\u0142a w Quebecu, by biegle m\u00f3wi\u0107 po francusku. Dzi\u015b jednak znalaz\u0142a si\u0119 w\u015br\u00f3d setek demonstrant\u00f3w, kt\u00f3rzy w sobot\u0119 zgromadzili si\u0119 przed parlamentem prowincji Alberta, domagaj\u0105c si\u0119 od\u0142\u0105czenia od Kanady.<\/p>\n<p>W t\u0142umie dominowa\u0142y flagi Alberty, a niekt\u00f3rzy protestuj\u0105cy przynie\u015bli nawet flagi Stan\u00f3w Zjednoczonych.<\/p>\n<p>\u2013 My\u015bla\u0142am, \u017ce to pi\u0119kny, wspania\u0142y kraj. Teraz jestem g\u0142\u0119boko rozczarowana i zdruzgotana. Nigdy nie b\u0119dziemy tu reprezentowani, nie ma szans na zmian\u0119 rz\u0105du \u2013 m\u00f3wi\u0142a Speck.<\/p>\n<p>Nastroje separatystyczne podsyci\u0142a zapowied\u017a rz\u0105du premier Danielle Smith, kt\u00f3ry planuje obni\u017cenie progu potrzebnego do przeprowadzenia referendum. Cho\u0107 Smith nie przes\u0105dza, czego mia\u0142yby dotyczy\u0107 pytania referendalne, nowe prawo mog\u0142oby u\u0142atwi\u0107 zorganizowanie g\u0142osowania w sprawie secesji.<\/p>\n<p>Dodatkowym impulsem by\u0142a wygrana Partii Liberalnej w ostatnich wyborach federalnych.<\/p>\n<p>\u2013 Gdy g\u0142osy z Ontario s\u0105 policzone, wybory si\u0119 ko\u0144cz\u0105. My si\u0119 nie liczymy. Nigdy si\u0119 nie liczyli\u015bmy \u2013 podkre\u015bla\u0142a Speck.<\/p>\n<p>17-letnia Hannah Henze r\u00f3wnie\u017c uczestniczy\u0142a w wiecu. Jej zdaniem sytuacja wygl\u0105da\u0142aby inaczej, gdyby wybory wygrali Konserwaty\u015bci.<\/p>\n<p>\u2013 Gdyby Poilievre doszed\u0142 do w\u0142adzy, mieliby\u015bmy nadziej\u0119. A teraz \u2013 trzecia czy czwarta kadencja Libera\u0142\u00f3w tylko pog\u0142\u0119bi zapa\u015b\u0107 \u2013 m\u00f3wi\u0142a.<\/p>\n<p>Leo Jensen wskazywa\u0142 na hipokryzj\u0119 w podej\u015bciu do gospodarki.<\/p>\n<p>\u2013 Wszyscy martwi\u0105 si\u0119 o miejsca pracy w przemy\u015ble samochodowym z powodu ce\u0142 Trumpa, ale nie obchodzi ich sektor naftowy w Albercie. Quebec bierze nasze \u201ebrudne pieni\u0105dze\u201d, ale nie chce \u201ebrudnego ruroci\u0105gu\u201d, kt\u00f3ry m\u00f3g\u0142by zasili\u0107 rafineri\u0119 w Nowym Brunszwiku \u2013 argumentowa\u0142.<\/p>\n<p>Wiecowi towarzyszy\u0142a kontrdemonstracja, podczas kt\u00f3rej protestuj\u0105cy przypominali, \u017ce secesja stanowi\u0142aby naruszenie traktat\u00f3w zawartych z Pierwszymi Narodami. Szef Piikani Nation, Troy Knowlton, podkre\u015bli\u0142, \u017ce Alberta nie ma prawa ich zmienia\u0107 ani uniewa\u017cnia\u0107.<\/p>\n<p>Premier Smith zapewni\u0142a, \u017ce respektuje prawa traktatowe.<\/p>\n<p>\u2013 Wszystko, co robi\u0119, dotyczy relacji Alberty z Ottaw\u0105. Pierwsze Narody maj\u0105 swoje w\u0142asne relacje z rz\u0105dem federalnym, zapisane w traktatach. To si\u0119 nie zmienia \u2013 powiedzia\u0142a podczas radiowej audycji z udzia\u0142em publiczno\u015bci.<\/p>\n<p>Cho\u0107 w marcu grozi\u0142a \u201ekryzysem jedno\u015bci narodowej\u201d, je\u015bli Ottawa nie spe\u0142ni jej postulat\u00f3w w ci\u0105gu sze\u015bciu miesi\u0119cy, obecnie zapewnia, \u017ce popiera suwerenno\u015b\u0107 Alberty w ramach zjednoczonej Kanady.<\/p>\n<p>\u2013 Mamy rop\u0119, mamy zasoby. Wszystko b\u0119dzie lepiej, je\u015bli si\u0119 od\u0142\u0105czymy \u2013 stwierdzi\u0142a uczestniczka wiecu, Susan Westernaier. Doda\u0142a te\u017c, \u017ce jej zdaniem ostatnie wybory zosta\u0142y sfa\u0142szowane.<\/p>\n<p style=\"text-align: right\"><em>Na podst. Canadian Press<\/em><\/p>\n","protected":false},"excerpt":{"rendered":"<p>\u201eNigdy nie mamy znaczenia\u201d \u2013 m\u00f3wi\u0105 mieszka\u0144cy Alberty, kt\u00f3rzy w sobot\u0119 wyszli na ulice, by domaga\u0107 si\u0119 oderwania prowincji od Kanady. Frustracj\u0119 podsycaj\u0105 polityka federalna,&hellip;<\/p>\n","protected":false},"author":3,"featured_media":1066,"comment_status":"open","ping_status":"open","sticky":false,"template":"","format":"standard","meta":{"footnotes":""},"categories":[12,18],"tags":[],"class_list":["post-1065","post","type-post","status-publish","format-standard","has-post-thumbnail","hentry","category-kanada","category-top-news"],"_links":{"self":[{"href":"https:\/\/radiopoloniawinnipeg.com\/index.php\/wp-json\/wp\/v2\/posts\/1065","targetHints":{"allow":["GET"]}}],"collection":[{"href":"https:\/\/radiopoloniawinnipeg.com\/index.php\/wp-json\/wp\/v2\/posts"}],"about":[{"href":"https:\/\/radiopoloniawinnipeg.com\/index.php\/wp-json\/wp\/v2\/types\/post"}],"author":[{"embeddable":true,"href":"https:\/\/radiopoloniawinnipeg.com\/index.php\/wp-json\/wp\/v2\/users\/3"}],"replies":[{"embeddable":true,"href":"https:\/\/radiopoloniawinnipeg.com\/index.php\/wp-json\/wp\/v2\/comments?post=1065"}],"version-history":[{"count":0,"href":"https:\/\/radiopoloniawinnipeg.com\/index.php\/wp-json\/wp\/v2\/posts\/1065\/revisions"}],"wp:featuredmedia":[{"embeddable":true,"href":"https:\/\/radiopoloniawinnipeg.com\/index.php\/wp-json\/wp\/v2\/media\/1066"}],"wp:attachment":[{"href":"https:\/\/radiopoloniawinnipeg.com\/index.php\/wp-json\/wp\/v2\/media?parent=1065"}],"wp:term":[{"taxonomy":"category","embeddable":true,"href":"https:\/\/radiopoloniawinnipeg.com\/index.php\/wp-json\/wp\/v2\/categories?post=1065"},{"taxonomy":"post_tag","embeddable":true,"href":"https:\/\/radiopoloniawinnipeg.com\/index.php\/wp-json\/wp\/v2\/tags?post=1065"}],"curies":[{"name":"wp","href":"https:\/\/api.w.org\/{rel}","templated":true}]}}