{"id":1067,"date":"2025-05-04T10:30:05","date_gmt":"2025-05-04T14:30:05","guid":{"rendered":"https:\/\/radiopoloniawinnipeg.com\/index.php\/2025\/05\/04\/niemcy-wyslali-do-polski-tysiace-imigrantow-sa-konkretne-dane\/"},"modified":"2025-05-04T10:30:05","modified_gmt":"2025-05-04T14:30:05","slug":"niemcy-wyslali-do-polski-tysiace-imigrantow-sa-konkretne-dane","status":"publish","type":"post","link":"https:\/\/radiopoloniawinnipeg.com\/index.php\/2025\/05\/04\/niemcy-wyslali-do-polski-tysiace-imigrantow-sa-konkretne-dane\/","title":{"rendered":"Niemcy wys\u0142ali do Polski tysi\u0105ce imigrant\u00f3w. S\u0105 konkretne dane"},"content":{"rendered":"<p><img decoding=\"async\" loading=\"lazy\" class=\"aligncenter size-custom-full-size wp-image-210989\" src=\"https:\/\/bejsment.com\/wp-content\/uploads\/2025\/05\/aamigranci-636x398.jpg\" alt=\"\" width=\"636\" height=\"398\" \/><\/p>\n<p><strong>W ci\u0105gu ostatnich 2,5 roku Niemcy deportowali do Polski 13.387 imigrant\u00f3w \u2013 wynika z danych niemieckiej policji i urz\u0119du ds. migracji. Najwi\u0119cej z nich to obywatele Ukrainy, Syrii i Afganistanu \u2013 ustali\u0142a Wirtualna Polska na podstawie danych niemieckiej policji i Federalnego Urz\u0119du ds. Migracji i Uchod\u017ac\u00f3w (BAMF).<\/strong><\/p>\n<p>Jak podaje WP, tylko z o\u015brodka w Eisenh\u00fcttenstadt do Polski trafia rocznie oko\u0142o tysi\u0105ca os\u00f3b uznanych za nielegalnych imigrant\u00f3w.<\/p>\n<p>Zgodnie z informacjami, w okresie od 16 pa\u017adziernika do ko\u0144ca 2023 roku \u2013 czyli ju\u017c po zwyci\u0119stwie Koalicji 13 Grudnia w wyborach parlamentarnych \u2013 Niemcy odes\u0142ali do Polski 1686 os\u00f3b, a 64 zosta\u0142y deportowane.<\/p>\n<p>W 2024 roku liczby te wzros\u0142y znacz\u0105co: 9387 os\u00f3b zawr\u00f3cono, a 352 deportowano. Natomiast tylko w pierwszych dw\u00f3ch miesi\u0105cach 2025 roku odnotowano ju\u017c 957 zawr\u00f3ce\u0144 i 24 deportacje.<\/p>\n<p>Z danych niemieckich s\u0142u\u017cb wynika, \u017ce najwi\u0119cej odes\u0142anych imigrant\u00f3w to obywatele Ukrainy \u2013 5808 os\u00f3b. W dalszej kolejno\u015bci s\u0105 Syryjczycy (755), Afga\u0144czycy (623), Gruzini (537) i Hindusi (352).<\/p>\n<p style=\"text-align: right\"><em>Na podst. WP<\/em><\/p>\n","protected":false},"excerpt":{"rendered":"<p>W ci\u0105gu ostatnich 2,5 roku Niemcy deportowali do Polski 13.387 imigrant\u00f3w \u2013 wynika z danych niemieckiej policji i urz\u0119du ds. migracji. Najwi\u0119cej z nich to&hellip;<\/p>\n","protected":false},"author":3,"featured_media":1068,"comment_status":"open","ping_status":"open","sticky":false,"template":"","format":"standard","meta":{"footnotes":""},"categories":[14,18],"tags":[],"class_list":["post-1067","post","type-post","status-publish","format-standard","has-post-thumbnail","hentry","category-polska","category-top-news"],"_links":{"self":[{"href":"https:\/\/radiopoloniawinnipeg.com\/index.php\/wp-json\/wp\/v2\/posts\/1067","targetHints":{"allow":["GET"]}}],"collection":[{"href":"https:\/\/radiopoloniawinnipeg.com\/index.php\/wp-json\/wp\/v2\/posts"}],"about":[{"href":"https:\/\/radiopoloniawinnipeg.com\/index.php\/wp-json\/wp\/v2\/types\/post"}],"author":[{"embeddable":true,"href":"https:\/\/radiopoloniawinnipeg.com\/index.php\/wp-json\/wp\/v2\/users\/3"}],"replies":[{"embeddable":true,"href":"https:\/\/radiopoloniawinnipeg.com\/index.php\/wp-json\/wp\/v2\/comments?post=1067"}],"version-history":[{"count":0,"href":"https:\/\/radiopoloniawinnipeg.com\/index.php\/wp-json\/wp\/v2\/posts\/1067\/revisions"}],"wp:featuredmedia":[{"embeddable":true,"href":"https:\/\/radiopoloniawinnipeg.com\/index.php\/wp-json\/wp\/v2\/media\/1068"}],"wp:attachment":[{"href":"https:\/\/radiopoloniawinnipeg.com\/index.php\/wp-json\/wp\/v2\/media?parent=1067"}],"wp:term":[{"taxonomy":"category","embeddable":true,"href":"https:\/\/radiopoloniawinnipeg.com\/index.php\/wp-json\/wp\/v2\/categories?post=1067"},{"taxonomy":"post_tag","embeddable":true,"href":"https:\/\/radiopoloniawinnipeg.com\/index.php\/wp-json\/wp\/v2\/tags?post=1067"}],"curies":[{"name":"wp","href":"https:\/\/api.w.org\/{rel}","templated":true}]}}