{"id":1081,"date":"2025-05-05T10:30:04","date_gmt":"2025-05-05T14:30:04","guid":{"rendered":"https:\/\/radiopoloniawinnipeg.com\/index.php\/2025\/05\/05\/w-obronie-kandydata-morawiecki-ostro-o-mediach-i-sluzbach\/"},"modified":"2025-05-05T10:30:04","modified_gmt":"2025-05-05T14:30:04","slug":"w-obronie-kandydata-morawiecki-ostro-o-mediach-i-sluzbach","status":"publish","type":"post","link":"https:\/\/radiopoloniawinnipeg.com\/index.php\/2025\/05\/05\/w-obronie-kandydata-morawiecki-ostro-o-mediach-i-sluzbach\/","title":{"rendered":"W obronie kandydata. Morawiecki ostro o mediach i s\u0142u\u017cbach"},"content":{"rendered":"<p><img decoding=\"async\" loading=\"lazy\" class=\"aligncenter size-custom-full-size wp-image-211056\" src=\"https:\/\/bejsment.com\/wp-content\/uploads\/2025\/05\/aanawrockimorawiecki-636x477.jpg\" alt=\"\" width=\"636\" height=\"477\" \/><\/p>\n<p><strong>\u201eNie dajmy si\u0119 nabra\u0107 na ich k\u0142amstwa\u201d \u2013 grzmi Mateusz Morawiecki, komentuj\u0105c tekst Onetu o maj\u0105tku Karola Nawrockiego. By\u0142y premier m\u00f3wi o ataku s\u0142u\u017cb, panice w Platformie i zapowiada polityczny rewan\u017c.<\/strong><\/p>\n<p>Premier Mateusz Morawiecki ostro skomentowa\u0142 doniesienia medialne, wed\u0142ug kt\u00f3rych kandydat na prezydenta Karol Nawrocki mia\u0142 nie ujawni\u0107 wszystkich posiadanych nieruchomo\u015bci. By\u0142y szef rz\u0105du nazwa\u0142 publikacj\u0119 \u201epaszkwilem\u201d i zasugerowa\u0142, \u017ce za doniesieniami stoj\u0105 dzia\u0142ania s\u0142u\u017cb specjalnych.<\/p>\n<p>Portal Onet opublikowa\u0142 w poniedzia\u0142ek tekst autorstwa Andrzeja Stankiewicza i Jacka Har\u0142ukowicza, w kt\u00f3rym przekonuje, \u017ce Karol Nawrocki \u2013 obecny prezes Instytutu Pami\u0119ci Narodowej \u2013 posiada dwa mieszkania, mimo \u017ce podczas debaty z Magdalen\u0105 Biejat m\u00f3wi\u0142 o jednym.<\/p>\n<p>Wed\u0142ug dziennikarzy, Nawrocki mieszka na co dzie\u0144 z rodzin\u0105 w trzypokojowym mieszkaniu w Gda\u0144sku, obci\u0105\u017conym hipotek\u0105 w wysoko\u015bci ponad 571 tys. z\u0142. Drug\u0105 nieruchomo\u015bci\u0105 ma by\u0107 kawalerka po\u0142o\u017cona niedaleko pierwszego lokalu.<\/p>\n<h3><strong>Sztab Nawrockiego: wszystko zgodne z o\u015bwiadczeniami maj\u0105tkowymi<\/strong><\/h3>\n<p>Do sprawy odnios\u0142a si\u0119 rzeczniczka Karola Nawrockiego, Emilia Wierzbicki. W o\u015bwiadczeniu zapewni\u0142a, \u017ce wszystkie informacje o maj\u0105tku by\u0142y od lat ujawniane w o\u015bwiadczeniach maj\u0105tkowych i przekazywane odpowiednim s\u0142u\u017cbom, kt\u00f3re przyzna\u0142y kandydatowi najwy\u017csze klauzule bezpiecze\u0144stwa.<\/p>\n<p>\u201eRodzina Nawrockich nie czerpie \u017cadnych dochod\u00f3w z posiadania nieruchomo\u015bci. Mieszkanie pozostaje w dyspozycji osoby, kt\u00f3r\u0105 dr Nawrocki wspiera\u0142 od lat jako dzia\u0142acz spo\u0142eczny\u201d \u2013 dodano w komunikacie.<\/p>\n<h3><strong>PiS zapowiada kontrol\u0119. Morawiecki reaguje<\/strong><\/h3>\n<p>Pos\u0142owie PiS Andrzej \u015aliwka i Anna Gembicka zapowiedzieli kontrol\u0119 w biurze ministra koordynatora s\u0142u\u017cb specjalnych. Ich zdaniem pa\u0144stwowe instytucje mog\u0142y zosta\u0107 wykorzystane do os\u0142abienia kampanii Karola Nawrockiego.<\/p>\n<p>Mateusz Morawiecki opublikowa\u0142 w tej sprawie nagranie na portalu X (d. Twitter), w kt\u00f3rym uderzy\u0142 w media i rz\u0105dz\u0105cych:<\/p>\n<p>\u2013 Chcecie zobaczy\u0107, jak dzia\u0142a system III RP? To dzisiejszy paszkwil na Onet.pl. Dziennikarze donosz\u0105, \u017ce do ratowania kampanii Rafa\u0142a Trzaskowskiego zaanga\u017cowano ABW \u2013 m\u00f3wi by\u0142y premier.<\/p>\n<p>Morawiecki nazwa\u0142 Karola Nawrockiego \u201ekrystalicznym cz\u0142owiekiem\u201d i oceni\u0142, \u017ce jego sukcesy, m.in. podczas wizyty w USA i spotkania z Donaldem Trumpem, wywo\u0142a\u0142y \u201epanik\u0119\u201d w Platformie Obywatelskiej.<\/p>\n<p>\u2013 Nie dajmy si\u0119 nabra\u0107 na ich k\u0142amstwa. I pami\u0119tajcie: w wolnej Polsce zap\u0142acicie kar\u0119 za to, co teraz robicie \u2013 zako\u0144czy\u0142 pose\u0142 PiS.<\/p>\n<blockquote class=\"twitter-tweet\" data-width=\"550\" data-dnt=\"true\">\n<p lang=\"pl\" dir=\"ltr\">S\u0142u\u017cby specjalne Tuska wchodz\u0105 do gry! Musimy przeciwstawi\u0107\u00a0si\u0119 temu RAZEM! Pracujmy jeszcze ci\u0119\u017cej na rzecz <a href=\"https:\/\/twitter.com\/Nawrocki25?ref_src=twsrc%5Etfw\">@Nawrocki25<\/a> ! <br \/>Nic nas nie z\u0142amie! Wygramy dla Polski!<\/p>\n","protected":false},"excerpt":{"rendered":"<p>\u201eNie dajmy si\u0119 nabra\u0107 na ich k\u0142amstwa\u201d \u2013 grzmi Mateusz Morawiecki, komentuj\u0105c tekst Onetu o maj\u0105tku Karola Nawrockiego. By\u0142y premier m\u00f3wi o ataku s\u0142u\u017cb, panice&hellip;<\/p>\n","protected":false},"author":3,"featured_media":1082,"comment_status":"open","ping_status":"open","sticky":false,"template":"","format":"standard","meta":{"footnotes":""},"categories":[14,18],"tags":[],"class_list":["post-1081","post","type-post","status-publish","format-standard","has-post-thumbnail","hentry","category-polska","category-top-news"],"_links":{"self":[{"href":"https:\/\/radiopoloniawinnipeg.com\/index.php\/wp-json\/wp\/v2\/posts\/1081","targetHints":{"allow":["GET"]}}],"collection":[{"href":"https:\/\/radiopoloniawinnipeg.com\/index.php\/wp-json\/wp\/v2\/posts"}],"about":[{"href":"https:\/\/radiopoloniawinnipeg.com\/index.php\/wp-json\/wp\/v2\/types\/post"}],"author":[{"embeddable":true,"href":"https:\/\/radiopoloniawinnipeg.com\/index.php\/wp-json\/wp\/v2\/users\/3"}],"replies":[{"embeddable":true,"href":"https:\/\/radiopoloniawinnipeg.com\/index.php\/wp-json\/wp\/v2\/comments?post=1081"}],"version-history":[{"count":0,"href":"https:\/\/radiopoloniawinnipeg.com\/index.php\/wp-json\/wp\/v2\/posts\/1081\/revisions"}],"wp:featuredmedia":[{"embeddable":true,"href":"https:\/\/radiopoloniawinnipeg.com\/index.php\/wp-json\/wp\/v2\/media\/1082"}],"wp:attachment":[{"href":"https:\/\/radiopoloniawinnipeg.com\/index.php\/wp-json\/wp\/v2\/media?parent=1081"}],"wp:term":[{"taxonomy":"category","embeddable":true,"href":"https:\/\/radiopoloniawinnipeg.com\/index.php\/wp-json\/wp\/v2\/categories?post=1081"},{"taxonomy":"post_tag","embeddable":true,"href":"https:\/\/radiopoloniawinnipeg.com\/index.php\/wp-json\/wp\/v2\/tags?post=1081"}],"curies":[{"name":"wp","href":"https:\/\/api.w.org\/{rel}","templated":true}]}}