{"id":1094,"date":"2025-05-06T08:15:03","date_gmt":"2025-05-06T12:15:03","guid":{"rendered":"https:\/\/radiopoloniawinnipeg.com\/index.php\/2025\/05\/06\/szok-w-bundestagu-merz-nie-zostal-kanclerzem\/"},"modified":"2025-05-06T08:15:03","modified_gmt":"2025-05-06T12:15:03","slug":"szok-w-bundestagu-merz-nie-zostal-kanclerzem","status":"publish","type":"post","link":"https:\/\/radiopoloniawinnipeg.com\/index.php\/2025\/05\/06\/szok-w-bundestagu-merz-nie-zostal-kanclerzem\/","title":{"rendered":"Szok w Bundestagu. Merz nie zosta\u0142 kanclerzem"},"content":{"rendered":"<div id=\"attachment_211187\" style=\"width: 646px\" class=\"wp-caption aligncenter\"><img decoding=\"async\" loading=\"lazy\" aria-describedby=\"caption-attachment-211187\" class=\"size-custom-full-size wp-image-211187\" src=\"https:\/\/bejsment.com\/wp-content\/uploads\/2025\/05\/aamrtz-636x477.jpg\" alt=\"\" width=\"636\" height=\"477\" \/><\/p>\n<p id=\"caption-attachment-211187\" class=\"wp-caption-text\">Friedrich Merz<\/p>\n<\/div>\n<p><strong>To pierwszy taki przypadek w historii Niemiec. Friedrich Merz, lider chadeckiej CDU, nie zosta\u0142 wybrany na kanclerza federalnego mimo poparcia trzech najwi\u0119kszych ugrupowa\u0144 parlamentarnych: CDU, CSU i SPD. W tajnym g\u0142osowaniu, kt\u00f3re odby\u0142o si\u0119 we wtorek 6 maja, do zwyci\u0119stwa zabrak\u0142o mu zaledwie sze\u015bciu g\u0142os\u00f3w.<\/strong><\/p>\n<p>Za kandydatur\u0105 Merza opowiedzia\u0142o si\u0119 310 deputowanych, przeciw by\u0142o 307. Aby obj\u0105\u0107 urz\u0105d, potrzebowa\u0142 316 g\u0142os\u00f3w \u2013 bezwzgl\u0119dnej wi\u0119kszo\u015bci w 631-osobowym Bundestagu.<\/p>\n<p>To wydarzenie bez precedensu \u2013 jeszcze nigdy w historii Republiki Federalnej Niemiec nie zdarzy\u0142o si\u0119, by kandydat zbudowanej wi\u0119kszo\u015bci parlamentarnej nie uzyska\u0142 wymaganej liczby g\u0142os\u00f3w na stanowisko kanclerza. Jeszcze w poniedzia\u0142ek wszystko wskazywa\u0142o na to, \u017ce wyb\u00f3r Merza b\u0119dzie czyst\u0105 formalno\u015bci\u0105. Koalicja CDU\/CSU i SPD podpisa\u0142a oficjaln\u0105 umow\u0119 koalicyjn\u0105 i og\u0142osi\u0142a gotowo\u015b\u0107 do utworzenia rz\u0105du.<\/p>\n<p>Po og\u0142oszeniu wynik\u00f3w przewodnicz\u0105ca Bundestagu Julia Kl\u00f6ckner przerwa\u0142a obrady, aby umo\u017cliwi\u0107 frakcjom konsultacje i ustalenie dalszego post\u0119powania. Bundestag ma teraz 14 dni na wyb\u00f3r kanclerza, kt\u00f3ry uzyska poparcie bezwzgl\u0119dnej wi\u0119kszo\u015bci. Je\u017celi to si\u0119 nie uda, mo\u017cliwe b\u0119d\u0105 kolejne scenariusze konstytucyjne, w\u0142\u0105cznie z pr\u00f3b\u0105 powo\u0142ania rz\u0105du mniejszo\u015bciowego lub nawet nowymi wyborami. Spekuluje si\u0119, \u017ce kolejne g\u0142osowanie mo\u017ce odby\u0107 si\u0119 jeszcze dzi\u015b.<\/p>\n<p>W lutowych przedterminowych wyborach CDU i jej bawarski sojusznik CSU zdobyli 28,5 proc. g\u0142os\u00f3w, co da\u0142o im zwyci\u0119stwo, ale nie wi\u0119kszo\u015b\u0107. St\u0105d konieczno\u015b\u0107 zawarcia koalicji z SPD. Negocjacje zako\u0144czy\u0142y si\u0119 sukcesem, jednak wtorkowe g\u0142osowanie obna\u017cy\u0142o powa\u017cne p\u0119kni\u0119cia w \u0142onie koalicji lub mo\u017cliwy sabota\u017c ze strony pos\u0142\u00f3w SPD.<\/p>\n<p>Jednym z czynnik\u00f3w komplikuj\u0105cych niemieck\u0105 scen\u0119 polityczn\u0105 jest rosn\u0105ce poparcie dla skrajnie prawicowej Alternatywy dla Niemiec (AfD). Cho\u0107 \u017cadna z g\u0142\u00f3wnych partii nie przewiduje koalicji z tym ugrupowaniem, AfD sta\u0142a si\u0119 drug\u0105 si\u0142\u0105 w parlamencie i g\u0142\u00f3wn\u0105 parti\u0105 opozycyjn\u0105, dysponuj\u0105c a\u017c 152 mandatami. Jej najwi\u0119ksze poparcie odnotowano we wschodnich landach. Dodatkowo, niemiecki kontrwywiad uzna\u0142 j\u0105 w tym tygodniu za ugrupowanie ekstremistyczne.<\/p>\n<p>W obliczu impasu w Bundestagu Niemcy stoj\u0105 przed powa\u017cnym testem politycznej stabilno\u015bci. Kolejne dni b\u0119d\u0105 decyduj\u0105ce dla przysz\u0142o\u015bci rz\u0105du i ca\u0142ej sceny politycznej za Odr\u0105.<\/p>\n<p style=\"text-align: right\"><em>Na podst. DW i Reuters<\/em><\/p>\n","protected":false},"excerpt":{"rendered":"<p>Friedrich Merz To pierwszy taki przypadek w historii Niemiec. Friedrich Merz, lider chadeckiej CDU, nie zosta\u0142 wybrany na kanclerza federalnego mimo poparcia trzech najwi\u0119kszych ugrupowa\u0144&hellip;<\/p>\n","protected":false},"author":3,"featured_media":1095,"comment_status":"open","ping_status":"open","sticky":false,"template":"","format":"standard","meta":{"footnotes":""},"categories":[15,18],"tags":[],"class_list":["post-1094","post","type-post","status-publish","format-standard","has-post-thumbnail","hentry","category-swiat","category-top-news"],"_links":{"self":[{"href":"https:\/\/radiopoloniawinnipeg.com\/index.php\/wp-json\/wp\/v2\/posts\/1094","targetHints":{"allow":["GET"]}}],"collection":[{"href":"https:\/\/radiopoloniawinnipeg.com\/index.php\/wp-json\/wp\/v2\/posts"}],"about":[{"href":"https:\/\/radiopoloniawinnipeg.com\/index.php\/wp-json\/wp\/v2\/types\/post"}],"author":[{"embeddable":true,"href":"https:\/\/radiopoloniawinnipeg.com\/index.php\/wp-json\/wp\/v2\/users\/3"}],"replies":[{"embeddable":true,"href":"https:\/\/radiopoloniawinnipeg.com\/index.php\/wp-json\/wp\/v2\/comments?post=1094"}],"version-history":[{"count":0,"href":"https:\/\/radiopoloniawinnipeg.com\/index.php\/wp-json\/wp\/v2\/posts\/1094\/revisions"}],"wp:featuredmedia":[{"embeddable":true,"href":"https:\/\/radiopoloniawinnipeg.com\/index.php\/wp-json\/wp\/v2\/media\/1095"}],"wp:attachment":[{"href":"https:\/\/radiopoloniawinnipeg.com\/index.php\/wp-json\/wp\/v2\/media?parent=1094"}],"wp:term":[{"taxonomy":"category","embeddable":true,"href":"https:\/\/radiopoloniawinnipeg.com\/index.php\/wp-json\/wp\/v2\/categories?post=1094"},{"taxonomy":"post_tag","embeddable":true,"href":"https:\/\/radiopoloniawinnipeg.com\/index.php\/wp-json\/wp\/v2\/tags?post=1094"}],"curies":[{"name":"wp","href":"https:\/\/api.w.org\/{rel}","templated":true}]}}