{"id":1098,"date":"2025-05-06T12:30:05","date_gmt":"2025-05-06T16:30:05","guid":{"rendered":"https:\/\/radiopoloniawinnipeg.com\/index.php\/2025\/05\/06\/george-simion-miazdzy-konkurencje-rumunia-skreca-w-prawo\/"},"modified":"2025-05-06T12:30:05","modified_gmt":"2025-05-06T16:30:05","slug":"george-simion-miazdzy-konkurencje-rumunia-skreca-w-prawo","status":"publish","type":"post","link":"https:\/\/radiopoloniawinnipeg.com\/index.php\/2025\/05\/06\/george-simion-miazdzy-konkurencje-rumunia-skreca-w-prawo\/","title":{"rendered":"George Simion mia\u017cd\u017cy konkurencj\u0119. Rumunia skr\u0119ca w prawo"},"content":{"rendered":"<p><img decoding=\"async\" loading=\"lazy\" class=\"aligncenter size-custom-full-size wp-image-211191\" src=\"https:\/\/bejsment.com\/wp-content\/uploads\/2025\/05\/aasimon2-636x477.jpg\" alt=\"\" width=\"636\" height=\"477\" \/><\/p>\n<p><strong>Wybory prezydenckie w Rumunii przynios\u0142y bezprecedensowe zwyci\u0119stwo George&#8217;a Simiona \u2013 lidera konserwatywno-narodowej prawicy, kt\u00f3ry w niedzielnym g\u0142osowaniu 4 maja zdeklasowa\u0142 swoich rywali ju\u017c w pierwszej turze.<\/strong><\/p>\n<p>To wynik, kt\u00f3ry trudno zignorowa\u0107 \u2013 i to nie tylko w samej Rumunii.<\/p>\n<p>Simion wyra\u017anie umocni\u0142 swoj\u0105 pozycj\u0119 \u2013 zar\u00f3wno w polityce krajowej, jak i europejskiej. Jego partia zaj\u0119\u0142a drugie miejsce w zesz\u0142orocznych wyborach parlamentarnych i zyska\u0142a status g\u0142\u00f3wnej si\u0142y opozycyjnej. W styczniu natomiast Simion zosta\u0142 wiceprzewodnicz\u0105cym europejskiej frakcji EKR \u2013 ugrupowania, kt\u00f3rym kieruje by\u0142y premier Polski Mateusz Morawiecki.<\/p>\n<p>Cho\u0107 przedwyborcze sonda\u017ce wskazywa\u0142y na jego zwyci\u0119stwo, ma\u0142o kto przewidzia\u0142, \u017ce odniesie je w tak imponuj\u0105cym stylu. George Simion zdoby\u0142 przesz\u0142o 40 proc. g\u0142os\u00f3w \u2013 niemal tyle samo, co jego dwaj g\u0142\u00f3wni konkurenci razem wzi\u0119ci. To wyj\u0105tkowa sytuacja, zw\u0142aszcza w pierwszej turze wybor\u00f3w prezydenckich, gdzie wyniki kandydat\u00f3w s\u0105 zwykle bardziej wyr\u00f3wnane. Dla por\u00f3wnania: tylko prezydent Chorwacji Zoran Milanovi\u0107, startuj\u0105cy z pozycji urz\u0119duj\u0105cego g\u0142owy pa\u0144stwa, osi\u0105gn\u0105\u0142 w styczniu lepszy rezultat w pierwszej turze.<\/p>\n<p>Warto doda\u0107, \u017ce zar\u00f3wno Rumuni, jak i Chorwaci niech\u0119tnie uto\u017csamiaj\u0105 si\u0119 z Ba\u0142kanami \u2013 wol\u0105 widzie\u0107 swoje kraje jako odr\u0119bne i \u2013 niekiedy \u2013 lepsze kulturowo czy politycznie. Tego rodzaju dystans wobec regionu ma te\u017c swoje odzwierciedlenie w ich politycznych wyborach.<\/p>\n<h3><strong>Europa patrzy na Bukareszt<\/strong><\/h3>\n<p>Druga tura wybor\u00f3w prezydenckich odb\u0119dzie si\u0119 18 maja \u2013 tego samego dnia, kiedy Polacy p\u00f3jd\u0105 do urn w pierwszej turze w\u0142asnych wybor\u00f3w prezydenckich. Ale po raz pierwszy to w\u0142a\u015bnie wybory w Rumunii mog\u0105 mie\u0107 tak istotne znaczenie dla szerszej, europejskiej sceny politycznej.<\/p>\n<p>Czy zwyci\u0119stwo George&#8217;a Simiona oka\u017ce si\u0119 kolejnym rozdzia\u0142em \u201eneokonserwatywnej rewolucji\u201d w Europie \u2013 jak zatytu\u0142owa\u0142 swoj\u0105 ksi\u0105\u017ck\u0119 Guy Sorman, opisuj\u0105c podobn\u0105 fal\u0119 w USA lat 70. i 80.? Czy mo\u017ce establishment liberalno-lewicowy zdo\u0142a jeszcze raz zablokowa\u0107 polityczny zwrot na prawo?<\/p>\n<p>Odpowiedzi na te pytania wyczekuj\u0105 nie tylko w Polsce czy Portugalii \u2013 gdzie r\u00f3wnie\u017c 18 maja odb\u0119d\u0105 si\u0119 wcze\u015bniejsze wybory parlamentarne \u2013 ale tak\u017ce we W\u0142oszech, gdzie tegoroczny maraton wyborczy w sze\u015bciu regionach stanie si\u0119 pierwszym realnym testem poparcia dla rz\u0105du Giorgii Meloni.<\/p>\n<h3><strong>Bitwa dopiero si\u0119 zaczyna<\/strong><\/h3>\n<p>Z Bukaresztu p\u0142ynie dzi\u015b sygna\u0142, kt\u00f3ry mo\u017ce mie\u0107 wp\u0142yw na ca\u0142\u0105 Europ\u0119. Czy Rumuni faktycznie dopisz\u0105 kolejny rozdzia\u0142 w historii globalnej ofensywy prawicy \u2013 po zwyci\u0119stwie Donalda Trumpa w USA i zmianach politycznych w kilku krajach UE?<\/p>\n<p>Nie ulega w\u0105tpliwo\u015bci, \u017ce przeciwnicy tego kursu zrobi\u0105 wszystko, by zatrzyma\u0107 ten proces. Ale \u2013 jak pokazuje przyk\u0142ad George\u2019a Simiona \u2013 fala, kt\u00f3ra si\u0119 podnosi, mo\u017ce by\u0107 trudna do zatrzymania.<\/p>\n<p style=\"text-align: right\"><em>Na podst. AP, WP<\/em><\/p>\n","protected":false},"excerpt":{"rendered":"<p>Wybory prezydenckie w Rumunii przynios\u0142y bezprecedensowe zwyci\u0119stwo George&#8217;a Simiona \u2013 lidera konserwatywno-narodowej prawicy, kt\u00f3ry w niedzielnym g\u0142osowaniu 4 maja zdeklasowa\u0142 swoich rywali ju\u017c w pierwszej&hellip;<\/p>\n","protected":false},"author":3,"featured_media":1099,"comment_status":"open","ping_status":"open","sticky":false,"template":"","format":"standard","meta":{"footnotes":""},"categories":[15,18],"tags":[],"class_list":["post-1098","post","type-post","status-publish","format-standard","has-post-thumbnail","hentry","category-swiat","category-top-news"],"_links":{"self":[{"href":"https:\/\/radiopoloniawinnipeg.com\/index.php\/wp-json\/wp\/v2\/posts\/1098","targetHints":{"allow":["GET"]}}],"collection":[{"href":"https:\/\/radiopoloniawinnipeg.com\/index.php\/wp-json\/wp\/v2\/posts"}],"about":[{"href":"https:\/\/radiopoloniawinnipeg.com\/index.php\/wp-json\/wp\/v2\/types\/post"}],"author":[{"embeddable":true,"href":"https:\/\/radiopoloniawinnipeg.com\/index.php\/wp-json\/wp\/v2\/users\/3"}],"replies":[{"embeddable":true,"href":"https:\/\/radiopoloniawinnipeg.com\/index.php\/wp-json\/wp\/v2\/comments?post=1098"}],"version-history":[{"count":0,"href":"https:\/\/radiopoloniawinnipeg.com\/index.php\/wp-json\/wp\/v2\/posts\/1098\/revisions"}],"wp:featuredmedia":[{"embeddable":true,"href":"https:\/\/radiopoloniawinnipeg.com\/index.php\/wp-json\/wp\/v2\/media\/1099"}],"wp:attachment":[{"href":"https:\/\/radiopoloniawinnipeg.com\/index.php\/wp-json\/wp\/v2\/media?parent=1098"}],"wp:term":[{"taxonomy":"category","embeddable":true,"href":"https:\/\/radiopoloniawinnipeg.com\/index.php\/wp-json\/wp\/v2\/categories?post=1098"},{"taxonomy":"post_tag","embeddable":true,"href":"https:\/\/radiopoloniawinnipeg.com\/index.php\/wp-json\/wp\/v2\/tags?post=1098"}],"curies":[{"name":"wp","href":"https:\/\/api.w.org\/{rel}","templated":true}]}}