{"id":1128,"date":"2025-05-09T08:30:06","date_gmt":"2025-05-09T12:30:06","guid":{"rendered":"https:\/\/radiopoloniawinnipeg.com\/index.php\/2025\/05\/09\/brat-papieza-o-jego-wyborze-upadlbym-gdybym-nie-lezal-w-lozku\/"},"modified":"2025-05-09T08:30:06","modified_gmt":"2025-05-09T12:30:06","slug":"brat-papieza-o-jego-wyborze-upadlbym-gdybym-nie-lezal-w-lozku","status":"publish","type":"post","link":"https:\/\/radiopoloniawinnipeg.com\/index.php\/2025\/05\/09\/brat-papieza-o-jego-wyborze-upadlbym-gdybym-nie-lezal-w-lozku\/","title":{"rendered":"Brat papie\u017ca o jego wyborze: \u201eUpad\u0142bym, gdybym nie le\u017ca\u0142 w \u0142\u00f3\u017cku\u201d"},"content":{"rendered":"<p><img decoding=\"async\" loading=\"lazy\" class=\"aligncenter size-custom-full-size wp-image-211386\" src=\"https:\/\/bejsment.com\/wp-content\/uploads\/2025\/05\/aaleon2-636x358.jpg\" alt=\"\" width=\"636\" height=\"358\" \/><\/p>\n<p><strong>\u201eTo zwyk\u0142y cz\u0142owiek z sercem pe\u0142nym mi\u0142o\u015bci\u201d \u2013 m\u00f3wi\u0105 bracia nowego papie\u017ca. Ich zdaniem Leon XIV b\u0119dzie duchowym przyw\u00f3dc\u0105 dla tych, kt\u00f3rzy czuj\u0105 si\u0119 zapomniani.<\/strong><\/p>\n<p>\u2013 Ci\u0105gle s\u0142ysza\u0142em, \u017ce Amerykanin nigdy nie zostanie papie\u017cem. M\u00f3wiono, \u017ce Stany Zjednoczone maj\u0105 zbyt du\u017c\u0105 w\u0142adz\u0119, wi\u0119c nie potrzebuj\u0105 ju\u017c Ko\u015bcio\u0142a \u2013 powiedzia\u0142 John Prevost, starszy brat Leona XIV, w rozmowie z telewizj\u0105 ABC. Cho\u0107 wyb\u00f3r Roberta Prevosta na nowego papie\u017ca zaskoczy\u0142 jego rodzin\u0119, to \u2013 jak przyznaj\u0105 jego bliscy \u2013 \u201eprzepowiednia\u201d o tej wyj\u0105tkowej drodze pojawi\u0142a si\u0119 ju\u017c w dzieci\u0144stwie.<\/p>\n<p>John Prevost, emerytowany dyrektor katolickiej szko\u0142y z Chicago, by\u0142 wyra\u017anie wzruszony, opowiadaj\u0105c o wyborze m\u0142odszego brata na g\u0142ow\u0119 Ko\u015bcio\u0142a.<\/p>\n<p>\u2013 Je\u015bli mam by\u0107 szczery, zupe\u0142nie si\u0119 tego nie spodziewa\u0142em \u2013 przyzna\u0142. \u2013 Gdy przed konklawe us\u0142ysza\u0142em, \u017ce Robert jest w gronie kandydat\u00f3w, powiedzia\u0142em mu o tym. Odpowiedzia\u0142, \u017ce to bzdura. Po prostu w to nie wierzy\u0142, albo nie chcia\u0142 wierzy\u0107.<\/p>\n<p>John wspomina r\u00f3wnie\u017c, \u017ce ju\u017c w dzieci\u0144stwie by\u0142o jasne, \u017ce jego brat zostanie ksi\u0119dzem. Co wi\u0119cej, jedna z s\u0105siadek mia\u0142a mu jeszcze w szkole podstawowej przepowiedzie\u0107 przysz\u0142\u0105 papiesk\u0105 misj\u0119.<\/p>\n<p>Brat papie\u017ca podkre\u015bli\u0142, \u017ce Leon XIV, cho\u0107 pe\u0142ni teraz najwa\u017cniejsz\u0105 funkcj\u0119 w Ko\u015bciele, pozosta\u0142 \u201ezwyk\u0142ym cz\u0142owiekiem\u201d. Jego zdaniem nowy papie\u017c b\u0119dzie kontynuowa\u0142 styl i ducha pontyfikatu Franciszka, z kt\u00f3rym \u0142\u0105czy go m.in. do\u015bwiadczenie pracy misyjnej w Ameryce Po\u0142udniowej.<\/p>\n<p>\u2013 My\u015bl\u0119, \u017ce b\u0119dzie blisko tych, kt\u00f3rzy zostali zepchni\u0119ci na margines. B\u0119dzie papie\u017cem biednych, wykluczonych, tych, kt\u00f3rzy nie maj\u0105 g\u0142osu. Wierz\u0119, \u017ce p\u00f3jdzie w \u015blady \u015bw. Franciszka i papie\u017ca Franciszka \u2013 powiedzia\u0142.<\/p>\n<p>R\u00f3wnie emocjonalnie wyb\u00f3r przyj\u0105\u0142 trzeci z braci Prevost\u00f3w, Louis, kt\u00f3ry tego dnia le\u017ca\u0142 chory w \u0142\u00f3\u017cku.<\/p>\n<p>\u2013 Zacz\u0119li czyta\u0107 jego imi\u0119. Kiedy Dominique Mamberti powiedzia\u0142 \u201eRoberto\u201d, od razu wiedzia\u0142em \u2013 to Rob \u2013 wspomina\u0142. \u2013 By\u0142em wdzi\u0119czny, \u017ce le\u017c\u0119, bo inaczej bym upad\u0142. A chwil\u0119 potem zacz\u0105\u0142em ta\u0144czy\u0107 jak szalony \u2013 doda\u0142 z u\u015bmiechem.<\/p>\n<p>Louis tak\u017ce podkre\u015bli\u0142, \u017ce jego brat jest cz\u0142owiekiem skromnym i bliskim ludziom. \u2013 Zawsze twardo st\u0105pa\u0142 po ziemi. Lubi by\u0107 w\u015br\u00f3d ludzi i po prostu z nimi rozmawia\u0107.<\/p>\n<p style=\"text-align: right\"><em>Na podst. KAI i Polsat News<\/em><\/p>\n","protected":false},"excerpt":{"rendered":"<p>\u201eTo zwyk\u0142y cz\u0142owiek z sercem pe\u0142nym mi\u0142o\u015bci\u201d \u2013 m\u00f3wi\u0105 bracia nowego papie\u017ca. Ich zdaniem Leon XIV b\u0119dzie duchowym przyw\u00f3dc\u0105 dla tych, kt\u00f3rzy czuj\u0105 si\u0119 zapomniani.&hellip;<\/p>\n","protected":false},"author":3,"featured_media":1129,"comment_status":"open","ping_status":"open","sticky":false,"template":"","format":"standard","meta":{"footnotes":""},"categories":[15,18],"tags":[],"class_list":["post-1128","post","type-post","status-publish","format-standard","has-post-thumbnail","hentry","category-swiat","category-top-news"],"_links":{"self":[{"href":"https:\/\/radiopoloniawinnipeg.com\/index.php\/wp-json\/wp\/v2\/posts\/1128","targetHints":{"allow":["GET"]}}],"collection":[{"href":"https:\/\/radiopoloniawinnipeg.com\/index.php\/wp-json\/wp\/v2\/posts"}],"about":[{"href":"https:\/\/radiopoloniawinnipeg.com\/index.php\/wp-json\/wp\/v2\/types\/post"}],"author":[{"embeddable":true,"href":"https:\/\/radiopoloniawinnipeg.com\/index.php\/wp-json\/wp\/v2\/users\/3"}],"replies":[{"embeddable":true,"href":"https:\/\/radiopoloniawinnipeg.com\/index.php\/wp-json\/wp\/v2\/comments?post=1128"}],"version-history":[{"count":0,"href":"https:\/\/radiopoloniawinnipeg.com\/index.php\/wp-json\/wp\/v2\/posts\/1128\/revisions"}],"wp:featuredmedia":[{"embeddable":true,"href":"https:\/\/radiopoloniawinnipeg.com\/index.php\/wp-json\/wp\/v2\/media\/1129"}],"wp:attachment":[{"href":"https:\/\/radiopoloniawinnipeg.com\/index.php\/wp-json\/wp\/v2\/media?parent=1128"}],"wp:term":[{"taxonomy":"category","embeddable":true,"href":"https:\/\/radiopoloniawinnipeg.com\/index.php\/wp-json\/wp\/v2\/categories?post=1128"},{"taxonomy":"post_tag","embeddable":true,"href":"https:\/\/radiopoloniawinnipeg.com\/index.php\/wp-json\/wp\/v2\/tags?post=1128"}],"curies":[{"name":"wp","href":"https:\/\/api.w.org\/{rel}","templated":true}]}}