{"id":1130,"date":"2025-05-09T08:30:09","date_gmt":"2025-05-09T12:30:09","guid":{"rendered":"https:\/\/radiopoloniawinnipeg.com\/index.php\/2025\/05\/09\/trump-rozwaza-podniesienie-podatkow-dla-najbogatszych\/"},"modified":"2025-05-09T08:30:09","modified_gmt":"2025-05-09T12:30:09","slug":"trump-rozwaza-podniesienie-podatkow-dla-najbogatszych","status":"publish","type":"post","link":"https:\/\/radiopoloniawinnipeg.com\/index.php\/2025\/05\/09\/trump-rozwaza-podniesienie-podatkow-dla-najbogatszych\/","title":{"rendered":"Trump rozwa\u017ca podniesienie podatk\u00f3w dla najbogatszych"},"content":{"rendered":"<h3>Trump rozwa\u017ca podniesienie podatk\u00f3w dla najbogatszych, by sfinansowa\u0107 ulgi dla klasy \u015bredniej.<\/h3>\n<p><img decoding=\"async\" loading=\"lazy\" class=\"size-custom-full-size wp-image-137340 aligncenter\" src=\"https:\/\/tygodnikprogram.com\/wp-content\/uploads\/2020\/11\/dreamstime_xs_84990718-e1746793056759.jpg\" alt=\"\" width=\"480\" height=\"287\" \/><\/p>\n<p>Prezydent Donald Trump rozwa\u017ca podniesienie podatku dla najbogatszych Amerykan\u00f3w \u2013 z 37% do 39,6% \u2013 dla os\u00f3b zarabiaj\u0105cych co najmniej 2,5 miliona dolar\u00f3w rocznie. Zmiana mia\u0142aby pom\u00f3c w sfinansowaniu nowych ulg podatkowych dla klasy \u015bredniej i pracuj\u0105cej.<\/p>\n<p>Trump om\u00f3wi\u0142 ten pomys\u0142 z przewodnicz\u0105cym Izby Reprezentant\u00f3w Mikiem Johnsonem, w ramach prac nad szerokim projektem ustawy obejmuj\u0105cym podatki, bezpiecze\u0144stwo granic, energi\u0119 i obronno\u015b\u0107.<\/p>\n<p>Propozycja budzi kontrowersje w Partii Republika\u0144skiej. Cz\u0119\u015b\u0107 konserwatyst\u00f3w sprzeciwia si\u0119 podwy\u017ckom podatk\u00f3w, twierdz\u0105c, \u017ce zaszkodzi to tworzeniu miejsc pracy. Inni, bardziej umiarkowani, uwa\u017caj\u0105, \u017ce mo\u017ce to by\u0107 spos\u00f3b na sfinansowanie priorytet\u00f3w Trumpa i zmniejszenie d\u0142ugu publicznego.<\/p>\n<p>Ostateczna decyzja nie zosta\u0142a jeszcze podj\u0119ta, a szczeg\u00f3\u0142y maj\u0105 si\u0119 pojawi\u0107 w nadchodz\u0105cych dniach.<\/p>\n","protected":false},"excerpt":{"rendered":"<p>Trump rozwa\u017ca podniesienie podatk\u00f3w dla najbogatszych, by sfinansowa\u0107 ulgi dla klasy \u015bredniej. Prezydent Donald Trump rozwa\u017ca podniesienie podatku dla najbogatszych Amerykan\u00f3w \u2013 z 37% do&hellip;<\/p>\n","protected":false},"author":14,"featured_media":1131,"comment_status":"open","ping_status":"open","sticky":false,"template":"","format":"standard","meta":{"footnotes":""},"categories":[15,18],"tags":[],"class_list":["post-1130","post","type-post","status-publish","format-standard","has-post-thumbnail","hentry","category-swiat","category-top-news"],"_links":{"self":[{"href":"https:\/\/radiopoloniawinnipeg.com\/index.php\/wp-json\/wp\/v2\/posts\/1130","targetHints":{"allow":["GET"]}}],"collection":[{"href":"https:\/\/radiopoloniawinnipeg.com\/index.php\/wp-json\/wp\/v2\/posts"}],"about":[{"href":"https:\/\/radiopoloniawinnipeg.com\/index.php\/wp-json\/wp\/v2\/types\/post"}],"author":[{"embeddable":true,"href":"https:\/\/radiopoloniawinnipeg.com\/index.php\/wp-json\/wp\/v2\/users\/14"}],"replies":[{"embeddable":true,"href":"https:\/\/radiopoloniawinnipeg.com\/index.php\/wp-json\/wp\/v2\/comments?post=1130"}],"version-history":[{"count":0,"href":"https:\/\/radiopoloniawinnipeg.com\/index.php\/wp-json\/wp\/v2\/posts\/1130\/revisions"}],"wp:featuredmedia":[{"embeddable":true,"href":"https:\/\/radiopoloniawinnipeg.com\/index.php\/wp-json\/wp\/v2\/media\/1131"}],"wp:attachment":[{"href":"https:\/\/radiopoloniawinnipeg.com\/index.php\/wp-json\/wp\/v2\/media?parent=1130"}],"wp:term":[{"taxonomy":"category","embeddable":true,"href":"https:\/\/radiopoloniawinnipeg.com\/index.php\/wp-json\/wp\/v2\/categories?post=1130"},{"taxonomy":"post_tag","embeddable":true,"href":"https:\/\/radiopoloniawinnipeg.com\/index.php\/wp-json\/wp\/v2\/tags?post=1130"}],"curies":[{"name":"wp","href":"https:\/\/api.w.org\/{rel}","templated":true}]}}