{"id":1140,"date":"2025-05-09T12:15:03","date_gmt":"2025-05-09T16:15:03","guid":{"rendered":"https:\/\/radiopoloniawinnipeg.com\/index.php\/2025\/05\/09\/unia-oszalala-prof-michta-o-klimatycznym-samobojstwie-europy\/"},"modified":"2025-05-09T12:15:03","modified_gmt":"2025-05-09T16:15:03","slug":"unia-oszalala-prof-michta-o-klimatycznym-samobojstwie-europy","status":"publish","type":"post","link":"https:\/\/radiopoloniawinnipeg.com\/index.php\/2025\/05\/09\/unia-oszalala-prof-michta-o-klimatycznym-samobojstwie-europy\/","title":{"rendered":"\u201eUnia oszala\u0142a\u201d. Prof. Michta o klimatycznym samob\u00f3jstwie Europy"},"content":{"rendered":"<div id=\"attachment_211392\" style=\"width: 646px\" class=\"wp-caption aligncenter\"><img decoding=\"async\" loading=\"lazy\" aria-describedby=\"caption-attachment-211392\" class=\"size-custom-full-size wp-image-211392\" src=\"https:\/\/bejsment.com\/wp-content\/uploads\/2025\/05\/aamichta-636x424.jpg\" alt=\"\" width=\"636\" height=\"424\" \/><\/p>\n<p id=\"caption-attachment-211392\" class=\"wp-caption-text\">Prof. Andrew Michta<\/p>\n<\/div>\n<p><strong>Bruksela nadal stawia ideologi\u0119 ponad rozs\u0105dek \u2013 ostrzega prof. Michta. Przy czterokrotnie wy\u017cszych kosztach energii ni\u017c w USA Europa nie ma szans w globalnej grze. A zap\u0142ac\u0105 za to zwykli ludzie.<\/strong><\/p>\n<p>\u2013 Je\u017celi elity europejskie nadal b\u0119d\u0105 dzia\u0142a\u0107 wed\u0142ug za\u0142o\u017cenia, \u017ce ideologia dominuje nad gospodark\u0105, to przemys\u0142 w Europie po prostu przestanie istnie\u0107 \u2013 ostrzega prof. Andrew Michta. Jego zdaniem polityka klimatyczna Unii Europejskiej prowadzi do destrukcji europejskiej bazy przemys\u0142owej i os\u0142abienia konkurencyjno\u015bci ca\u0142ego kontynentu.<\/p>\n<p>Prof. Michta by\u0142 go\u015bciem Krzysztofa Skowro\u0144skiego w Radiu Wnet. W rozmowie poruszono temat polityki wewn\u0119trznej i zagranicznej Donalda Trumpa w kontek\u015bcie zmieniaj\u0105cej si\u0119 sytuacji geopolitycznej, a tak\u017ce zagro\u017ce\u0144 dla bezpiecze\u0144stwa i ekonomicznej kondycji Europy. Szczeg\u00f3ln\u0105 uwag\u0119 zwr\u00f3cono na konsekwencje polityki klimatycznej UE i systemu ETS.<\/p>\n<p>\u2013 Europa p\u0142aci dzi\u015b czterokrotnie wi\u0119cej za energi\u0119 przemys\u0142ow\u0105 ni\u017c Stany Zjednoczone. Podczas gdy USA inwestuj\u0105 w reindustrializacj\u0119 i powr\u00f3t wielkiej produkcji, Europa m\u00f3wi o konkurencyjno\u015bci, nie zmieniaj\u0105c swojej zgubnej polityki energetycznej \u2013 m\u00f3wi\u0142 Michta.<\/p>\n<p>Jak przypomnia\u0142 prowadz\u0105cy audycj\u0119, w Polsce a\u017c 60 procent ceny energii stanowi\u0105 op\u0142aty wynikaj\u0105ce z unijnego systemu ETS, kt\u00f3ry dzia\u0142a jak sztuczny podatek klimatyczny. \u2013 Od tego ETS-u p\u0142acimy jeszcze VAT \u2013 doda\u0142 Skowro\u0144ski.<\/p>\n<p>\u2013 Unia oszala\u0142a, panie redaktorze \u2013 skomentowa\u0142 kr\u00f3tko Michta.<\/p>\n<p>Pytany, dlaczego Bruksela nie zmienia kursu mimo \u015bwiadomo\u015bci skutk\u00f3w obecnej polityki, profesor odpar\u0142: \u2013 Przy takich cenach energii Europa nie jest w stanie konkurowa\u0107 z nikim na \u015bwiecie. To jest preskrypcja do zniszczenia bazy przemys\u0142owej Europy. Nie da si\u0119 tego inaczej nazwa\u0107.<\/p>\n<p>Zdaniem Michty, polityczne dokumenty \u2013 jak cho\u0107by umowa koalicyjna niemieckiego rz\u0105du \u2013 zawieraj\u0105 sprzeczne za\u0142o\u017cenia, a elity europejskie nadal traktuj\u0105 ideologi\u0119 jako nadrz\u0119dn\u0105 wobec interes\u00f3w gospodarczych. \u2013 Je\u015bli to si\u0119 nie zmieni, przemys\u0142 albo przeniesie si\u0119 gdzie indziej, albo ca\u0142a ta konstrukcja si\u0119 zawali \u2013 ostrzeg\u0142.<\/p>\n<p>Jak doda\u0142, skutki tej polityki i tak uderz\u0105 w obywateli. \u2013 Realia nie wybaczaj\u0105. Bez wzgl\u0119du na to, jak d\u0142ugo Unia b\u0119dzie pr\u00f3bowa\u0142a to ci\u0105gn\u0105\u0107, konsekwencje ponios\u0105 ludzie \u2013 podsumowa\u0142.<\/p>\n<p style=\"text-align: right\"><em>Na podst. Radio Wnet<\/em><\/p>\n","protected":false},"excerpt":{"rendered":"<p>Prof. Andrew Michta Bruksela nadal stawia ideologi\u0119 ponad rozs\u0105dek \u2013 ostrzega prof. Michta. Przy czterokrotnie wy\u017cszych kosztach energii ni\u017c w USA Europa nie ma szans&hellip;<\/p>\n","protected":false},"author":3,"featured_media":1141,"comment_status":"open","ping_status":"open","sticky":false,"template":"","format":"standard","meta":{"footnotes":""},"categories":[15,18],"tags":[],"class_list":["post-1140","post","type-post","status-publish","format-standard","has-post-thumbnail","hentry","category-swiat","category-top-news"],"_links":{"self":[{"href":"https:\/\/radiopoloniawinnipeg.com\/index.php\/wp-json\/wp\/v2\/posts\/1140","targetHints":{"allow":["GET"]}}],"collection":[{"href":"https:\/\/radiopoloniawinnipeg.com\/index.php\/wp-json\/wp\/v2\/posts"}],"about":[{"href":"https:\/\/radiopoloniawinnipeg.com\/index.php\/wp-json\/wp\/v2\/types\/post"}],"author":[{"embeddable":true,"href":"https:\/\/radiopoloniawinnipeg.com\/index.php\/wp-json\/wp\/v2\/users\/3"}],"replies":[{"embeddable":true,"href":"https:\/\/radiopoloniawinnipeg.com\/index.php\/wp-json\/wp\/v2\/comments?post=1140"}],"version-history":[{"count":0,"href":"https:\/\/radiopoloniawinnipeg.com\/index.php\/wp-json\/wp\/v2\/posts\/1140\/revisions"}],"wp:featuredmedia":[{"embeddable":true,"href":"https:\/\/radiopoloniawinnipeg.com\/index.php\/wp-json\/wp\/v2\/media\/1141"}],"wp:attachment":[{"href":"https:\/\/radiopoloniawinnipeg.com\/index.php\/wp-json\/wp\/v2\/media?parent=1140"}],"wp:term":[{"taxonomy":"category","embeddable":true,"href":"https:\/\/radiopoloniawinnipeg.com\/index.php\/wp-json\/wp\/v2\/categories?post=1140"},{"taxonomy":"post_tag","embeddable":true,"href":"https:\/\/radiopoloniawinnipeg.com\/index.php\/wp-json\/wp\/v2\/tags?post=1140"}],"curies":[{"name":"wp","href":"https:\/\/api.w.org\/{rel}","templated":true}]}}