{"id":11489,"date":"2026-08-30T10:45:09","date_gmt":"2026-08-30T14:45:09","guid":{"rendered":"https:\/\/radiopoloniawinnipeg.com\/index.php\/2026\/08\/30\/islandczycy-nie-chca-wstepowac-do-unii-europejskiej\/"},"modified":"2026-08-30T10:45:09","modified_gmt":"2026-08-30T14:45:09","slug":"islandczycy-nie-chca-wstepowac-do-unii-europejskiej","status":"publish","type":"post","link":"https:\/\/radiopoloniawinnipeg.com\/index.php\/2026\/08\/30\/islandczycy-nie-chca-wstepowac-do-unii-europejskiej\/","title":{"rendered":"Islandczycy nie chc\u0105 wst\u0119powa\u0107 do Unii Europejskiej"},"content":{"rendered":"<div id=\"attachment_251236\" style=\"width: 646px\" class=\"wp-caption aligncenter\"><img decoding=\"async\" loading=\"lazy\" aria-describedby=\"caption-attachment-251236\" class=\"size-custom-full-size wp-image-251236\" src=\"https:\/\/bejsment.com\/wp-content\/uploads\/2026\/08\/aaswiat1-glosowanie-636x358.jpg\" alt=\"\" width=\"636\" height=\"358\" \/><\/p>\n<p id=\"caption-attachment-251236\" class=\"wp-caption-text\">Islandczycy g\u0142osuj\u0105 w referendum w sprawie wznowienia negocjacji z UE<\/p>\n<\/div>\n<p><strong>Islandczycy opowiedzieli si\u0119 przeciwko wznowieniu negocjacji w sprawie cz\u0142onkostwa kraju w Unii Europejskiej. Po przeliczeniu wszystkich g\u0142os\u00f3w przeciwko powrotowi do rozm\u00f3w akcesyjnych by\u0142o 52,8 proc. uczestnik\u00f3w referendum, a za \u2013 47,2 proc.<\/strong><\/p>\n<p>Ostateczny rezultat r\u00f3\u017cni si\u0119 od pierwszych wynik\u00f3w og\u0142oszonych w niedziel\u0119 rano. Po przeliczeniu oko\u0142o 87 tys. g\u0142os\u00f3w niewielk\u0105 przewag\u0119 mieli zwolennicy wznowienia negocjacji \u2013 51,2 proc. wobec 48,8 proc. przeciwnik\u00f3w. P\u00f3\u017aniej proporcje si\u0119 odwr\u00f3ci\u0142y.<\/p>\n<p>Wynik potwierdzi\u0142 g\u0142\u0119boki podzia\u0142 islandzkiego spo\u0142ecze\u0144stwa w kwestii integracji z UE. Tak\u017ce publikowane przed referendum sonda\u017ce wskazywa\u0142y na bardzo wyr\u00f3wnane poparcie dla obu stanowisk. W badaniu o\u015brodka Maskina za dalszymi negocjacjami opowiada\u0142o si\u0119 51,3 proc. respondent\u00f3w, podczas gdy sonda\u017c Gallupa dawa\u0142 51,6 proc. przeciwnikom rozm\u00f3w.<\/p>\n<p>Zwolennicy integracji, do kt\u00f3rych nale\u017cy socjaldemokratyczna premier Islandii Kristr\u00fan Frostad\u00f3ttir, argumentowali, \u017ce cz\u0142onkostwo w UE mog\u0142oby przyczyni\u0107 si\u0119 m.in. do obni\u017cenia st\u00f3p procentowych, inflacji i cen. Przeciwko integracji opowiadaj\u0105 si\u0119 m.in. przedstawiciele rolnictwa, rybo\u0142\u00f3wstwa i wielorybnictwa, obawiaj\u0105cy si\u0119 ograniczenia kwot po\u0142owowych oraz unijnych zakaz\u00f3w.<\/p>\n<p>Gdyby Islandczycy poparli wznowienie negocjacji, ewentualne cz\u0142onkostwo kraju w UE wymaga\u0142oby kolejnego referendum po ustaleniu warunk\u00f3w akcesji. Frostad\u00f3ttir zapowiedzia\u0142a, \u017ce po obecnym rozstrzygni\u0119ciu kwestia integracji z Uni\u0105 nie wr\u00f3ci do ko\u0144ca kadencji parlamentu, czyli do 2028 roku.<\/p>\n<p>Islandia wyst\u0105pi\u0142a o cz\u0142onkostwo w UE w 2009 roku, podczas \u015bwiatowego kryzysu finansowego. Proces akcesyjny zosta\u0142 zamro\u017cony w 2013 roku.<\/p>\n","protected":false},"excerpt":{"rendered":"<p>Islandczycy g\u0142osuj\u0105 w referendum w sprawie wznowienia negocjacji z UE Islandczycy opowiedzieli si\u0119 przeciwko wznowieniu negocjacji w sprawie cz\u0142onkostwa kraju w Unii Europejskiej. Po przeliczeniu&hellip;<\/p>\n","protected":false},"author":3,"featured_media":11490,"comment_status":"open","ping_status":"open","sticky":false,"template":"","format":"standard","meta":{"footnotes":""},"categories":[15,18],"tags":[],"class_list":["post-11489","post","type-post","status-publish","format-standard","has-post-thumbnail","hentry","category-swiat","category-top-news"],"_links":{"self":[{"href":"https:\/\/radiopoloniawinnipeg.com\/index.php\/wp-json\/wp\/v2\/posts\/11489","targetHints":{"allow":["GET"]}}],"collection":[{"href":"https:\/\/radiopoloniawinnipeg.com\/index.php\/wp-json\/wp\/v2\/posts"}],"about":[{"href":"https:\/\/radiopoloniawinnipeg.com\/index.php\/wp-json\/wp\/v2\/types\/post"}],"author":[{"embeddable":true,"href":"https:\/\/radiopoloniawinnipeg.com\/index.php\/wp-json\/wp\/v2\/users\/3"}],"replies":[{"embeddable":true,"href":"https:\/\/radiopoloniawinnipeg.com\/index.php\/wp-json\/wp\/v2\/comments?post=11489"}],"version-history":[{"count":0,"href":"https:\/\/radiopoloniawinnipeg.com\/index.php\/wp-json\/wp\/v2\/posts\/11489\/revisions"}],"wp:featuredmedia":[{"embeddable":true,"href":"https:\/\/radiopoloniawinnipeg.com\/index.php\/wp-json\/wp\/v2\/media\/11490"}],"wp:attachment":[{"href":"https:\/\/radiopoloniawinnipeg.com\/index.php\/wp-json\/wp\/v2\/media?parent=11489"}],"wp:term":[{"taxonomy":"category","embeddable":true,"href":"https:\/\/radiopoloniawinnipeg.com\/index.php\/wp-json\/wp\/v2\/categories?post=11489"},{"taxonomy":"post_tag","embeddable":true,"href":"https:\/\/radiopoloniawinnipeg.com\/index.php\/wp-json\/wp\/v2\/tags?post=11489"}],"curies":[{"name":"wp","href":"https:\/\/api.w.org\/{rel}","templated":true}]}}