{"id":11491,"date":"2026-08-30T11:00:07","date_gmt":"2026-08-30T15:00:07","guid":{"rendered":"https:\/\/radiopoloniawinnipeg.com\/index.php\/2026\/08\/30\/nie-zyje-andrzej-wielowieyski-mial-98-lat\/"},"modified":"2026-08-30T11:00:07","modified_gmt":"2026-08-30T15:00:07","slug":"nie-zyje-andrzej-wielowieyski-mial-98-lat","status":"publish","type":"post","link":"https:\/\/radiopoloniawinnipeg.com\/index.php\/2026\/08\/30\/nie-zyje-andrzej-wielowieyski-mial-98-lat\/","title":{"rendered":"Nie \u017cyje Andrzej Wielowieyski. Mia\u0142 98 lat"},"content":{"rendered":"<div id=\"attachment_251243\" style=\"width: 646px\" class=\"wp-caption aligncenter\"><img decoding=\"async\" loading=\"lazy\" aria-describedby=\"caption-attachment-251243\" class=\"size-custom-full-size wp-image-251243\" src=\"https:\/\/bejsment.com\/wp-content\/uploads\/2026\/08\/aawielowiejskipolska2-g10-636x478.jpg\" alt=\"\" width=\"636\" height=\"478\" \/><\/p>\n<p id=\"caption-attachment-251243\" class=\"wp-caption-text\">Andrzej Wielowieyski<\/p>\n<\/div>\n<p><strong>W wieku 98 lat zmar\u0142 Andrzej Wielowieyski \u2013 \u017co\u0142nierz Armii Krajowej, dzia\u0142acz opozycji demokratycznej w PRL, ekspert \u201eSolidarno\u015bci\u201d, doradca Lecha Wa\u0142\u0119sy, parlamentarzysta i jeden z uczestnik\u00f3w przemian ustrojowych 1989 roku. Zmar\u0142 w sobot\u0119, 29 sierpnia, w rodzinnym domu w warszawskiej Falenicy.<\/strong><\/p>\n<p>Wielowieyski urodzi\u0142 si\u0119 16 grudnia 1927 roku w Warszawie. Podczas niemieckiej okupacji uczy\u0142 si\u0119 na tajnych kompletach. W 1943 roku wst\u0105pi\u0142 do Armii Krajowej, przyjmuj\u0105c pseudonim \u201eWir\u201d. Po wojnie uko\u0144czy\u0142 studia prawnicze na Uniwersytecie Jagiello\u0144skim.<\/p>\n<p>Od po\u0142owy lat 50. anga\u017cowa\u0142 si\u0119 w dzia\u0142alno\u015b\u0107 \u015brodowisk katolickiej inteligencji. By\u0142 jednym z za\u0142o\u017cycieli warszawskiego Klubu Inteligencji Katolickiej i przez wiele lat zwi\u0105zany by\u0142 z miesi\u0119cznikiem \u201eWi\u0119\u017a\u201d. W 1976 roku podpisa\u0142 apel w obronie robotnik\u00f3w represjonowanych po protestach w Radomiu i Ursusie.<\/p>\n<p>Podczas strajk\u00f3w w 1980 roku by\u0142 ekspertem Mi\u0119dzyzak\u0142adowego Komitetu Strajkowego w Stoczni Gda\u0144skiej, a p\u00f3\u017aniej doradc\u0105 w\u0142adz NSZZ \u201eSolidarno\u015b\u0107\u201d. Od 1983 roku doradza\u0142 Lechowi Wa\u0142\u0119sie. Uczestniczy\u0142 w przygotowaniach do Okr\u0105g\u0142ego Sto\u0142u oraz w jego obradach.<\/p>\n<p>W wyborach 4 czerwca 1989 roku zdoby\u0142 mandat senatora z ramienia Komitetu Obywatelskiego \u201eSolidarno\u015b\u0107\u201d, a nast\u0119pnie zosta\u0142 wicemarsza\u0142kiem Senatu. W kolejnych latach zasiada\u0142 w Sejmie i Senacie, a w 2008 roku, po \u015bmierci Bronis\u0142awa Geremka, obj\u0105\u0142 mandat pos\u0142a do Parlamentu Europejskiego.<\/p>\n<p>By\u0142 odznaczony m.in. Krzy\u017cem Walecznych, Krzy\u017cem Komandorskim Orderu Odrodzenia Polski i francusk\u0105 Legi\u0105 Honorow\u0105. W 2011 roku otrzyma\u0142 Order Or\u0142a Bia\u0142ego.<\/p>\n","protected":false},"excerpt":{"rendered":"<p>Andrzej Wielowieyski W wieku 98 lat zmar\u0142 Andrzej Wielowieyski \u2013 \u017co\u0142nierz Armii Krajowej, dzia\u0142acz opozycji demokratycznej w PRL, ekspert \u201eSolidarno\u015bci\u201d, doradca Lecha Wa\u0142\u0119sy, parlamentarzysta i&hellip;<\/p>\n","protected":false},"author":3,"featured_media":11492,"comment_status":"open","ping_status":"open","sticky":false,"template":"","format":"standard","meta":{"footnotes":""},"categories":[14,18],"tags":[],"class_list":["post-11491","post","type-post","status-publish","format-standard","has-post-thumbnail","hentry","category-polska","category-top-news"],"_links":{"self":[{"href":"https:\/\/radiopoloniawinnipeg.com\/index.php\/wp-json\/wp\/v2\/posts\/11491","targetHints":{"allow":["GET"]}}],"collection":[{"href":"https:\/\/radiopoloniawinnipeg.com\/index.php\/wp-json\/wp\/v2\/posts"}],"about":[{"href":"https:\/\/radiopoloniawinnipeg.com\/index.php\/wp-json\/wp\/v2\/types\/post"}],"author":[{"embeddable":true,"href":"https:\/\/radiopoloniawinnipeg.com\/index.php\/wp-json\/wp\/v2\/users\/3"}],"replies":[{"embeddable":true,"href":"https:\/\/radiopoloniawinnipeg.com\/index.php\/wp-json\/wp\/v2\/comments?post=11491"}],"version-history":[{"count":0,"href":"https:\/\/radiopoloniawinnipeg.com\/index.php\/wp-json\/wp\/v2\/posts\/11491\/revisions"}],"wp:featuredmedia":[{"embeddable":true,"href":"https:\/\/radiopoloniawinnipeg.com\/index.php\/wp-json\/wp\/v2\/media\/11492"}],"wp:attachment":[{"href":"https:\/\/radiopoloniawinnipeg.com\/index.php\/wp-json\/wp\/v2\/media?parent=11491"}],"wp:term":[{"taxonomy":"category","embeddable":true,"href":"https:\/\/radiopoloniawinnipeg.com\/index.php\/wp-json\/wp\/v2\/categories?post=11491"},{"taxonomy":"post_tag","embeddable":true,"href":"https:\/\/radiopoloniawinnipeg.com\/index.php\/wp-json\/wp\/v2\/tags?post=11491"}],"curies":[{"name":"wp","href":"https:\/\/api.w.org\/{rel}","templated":true}]}}