{"id":11501,"date":"2026-08-30T16:15:05","date_gmt":"2026-08-30T20:15:05","guid":{"rendered":"https:\/\/radiopoloniawinnipeg.com\/index.php\/2026\/08\/30\/co-piaty-niemiec-wyjechalby-z-kraju-gdyby-afd-doszla-do-wladzy\/"},"modified":"2026-08-30T16:15:05","modified_gmt":"2026-08-30T20:15:05","slug":"co-piaty-niemiec-wyjechalby-z-kraju-gdyby-afd-doszla-do-wladzy","status":"publish","type":"post","link":"https:\/\/radiopoloniawinnipeg.com\/index.php\/2026\/08\/30\/co-piaty-niemiec-wyjechalby-z-kraju-gdyby-afd-doszla-do-wladzy\/","title":{"rendered":"Co pi\u0105ty Niemiec wyjecha\u0142by z kraju, gdyby AfD dosz\u0142a do w\u0142adzy"},"content":{"rendered":"<p><img decoding=\"async\" loading=\"lazy\" class=\"aligncenter size-custom-full-size wp-image-251260\" src=\"https:\/\/bejsment.com\/wp-content\/uploads\/2026\/08\/aaniemcy-636x358.jpg\" alt=\"\" width=\"636\" height=\"358\" \/><\/p>\n<p><strong>Ponad jedna pi\u0105ta Niemc\u00f3w deklaruje, \u017ce rozwa\u017cy\u0142aby opuszczenie kraju, gdyby Alternatywa dla Niemiec (AfD) dosz\u0142a do w\u0142adzy na szczeblu federalnym. Niemal po\u0142owa badanych uwa\u017ca, \u017ce taki scenariusz by\u0142by szkodliwy dla pa\u0144stwa.<\/strong><\/p>\n<p>Z sonda\u017cu instytutu INSA przeprowadzonego na zlecenie \u201eBild am Sonntag\u201d wynika, \u017ce 22 proc. respondent\u00f3w zgodzi\u0142o si\u0119 ze stwierdzeniem: \u201eGdyby AfD dosz\u0142a do w\u0142adzy na szczeblu federalnym, opu\u015bci\u0142bym Niemcy\u201d. Przeciwnego zdania by\u0142o 60 proc. ankietowanych, a 18 proc. nie mia\u0142o zdania lub nie udzieli\u0142o odpowiedzi.<\/p>\n<p>Jednocze\u015bnie 47 proc. badanych uwa\u017ca, \u017ce doj\u015bcie AfD do w\u0142adzy zaszkodzi\u0142oby Niemcom. Nie zgadza si\u0119 z tym 36 proc. respondent\u00f3w, natomiast 17 proc. nie zaj\u0119\u0142o stanowiska.<\/p>\n<p>Odr\u0119bne badanie pokazuje r\u00f3wnie\u017c du\u017cy sprzeciw wobec przej\u0119cia przez AfD w\u0142adzy w kt\u00f3rym\u015b ze wschodnich kraj\u00f3w zwi\u0105zkowych. Sonda\u017c Politbarometer, przeprowadzony przez Forschungsgruppe Wahlen dla telewizji ZDF, wskazuje, \u017ce 64 proc. Niemc\u00f3w negatywnie oceni\u0142oby sytuacj\u0119, w kt\u00f3rej polityk AfD zosta\u0142by premierem landu.<\/p>\n<p>Sprzeciw jest wi\u0119kszy w zachodniej cz\u0119\u015bci Niemiec, gdzie taki scenariusz negatywnie ocenia 66 proc. respondent\u00f3w. Na wschodzie odsetek ten wynosi 53 proc. W skali ca\u0142ego kraju 23 proc. badanych pozytywnie oceni\u0142oby premiera landu wywodz\u0105cego si\u0119 z AfD, a 11 proc. przyj\u0119\u0142oby to oboj\u0119tnie.<\/p>\n<p>60 proc. ankietowanych uwa\u017ca r\u00f3wnie\u017c, \u017ce rz\u0105dy AfD doprowadzi\u0142yby do pogorszenia jako\u015bci polityki w danym kraju zwi\u0105zkowym. Poprawy spodziewa si\u0119 17 proc., a tyle samo nie przewiduje istotnych zmian.<\/p>\n","protected":false},"excerpt":{"rendered":"<p>Ponad jedna pi\u0105ta Niemc\u00f3w deklaruje, \u017ce rozwa\u017cy\u0142aby opuszczenie kraju, gdyby Alternatywa dla Niemiec (AfD) dosz\u0142a do w\u0142adzy na szczeblu federalnym. Niemal po\u0142owa badanych uwa\u017ca, \u017ce&hellip;<\/p>\n","protected":false},"author":3,"featured_media":11502,"comment_status":"open","ping_status":"open","sticky":false,"template":"","format":"standard","meta":{"footnotes":""},"categories":[15,18],"tags":[],"class_list":["post-11501","post","type-post","status-publish","format-standard","has-post-thumbnail","hentry","category-swiat","category-top-news"],"_links":{"self":[{"href":"https:\/\/radiopoloniawinnipeg.com\/index.php\/wp-json\/wp\/v2\/posts\/11501","targetHints":{"allow":["GET"]}}],"collection":[{"href":"https:\/\/radiopoloniawinnipeg.com\/index.php\/wp-json\/wp\/v2\/posts"}],"about":[{"href":"https:\/\/radiopoloniawinnipeg.com\/index.php\/wp-json\/wp\/v2\/types\/post"}],"author":[{"embeddable":true,"href":"https:\/\/radiopoloniawinnipeg.com\/index.php\/wp-json\/wp\/v2\/users\/3"}],"replies":[{"embeddable":true,"href":"https:\/\/radiopoloniawinnipeg.com\/index.php\/wp-json\/wp\/v2\/comments?post=11501"}],"version-history":[{"count":0,"href":"https:\/\/radiopoloniawinnipeg.com\/index.php\/wp-json\/wp\/v2\/posts\/11501\/revisions"}],"wp:featuredmedia":[{"embeddable":true,"href":"https:\/\/radiopoloniawinnipeg.com\/index.php\/wp-json\/wp\/v2\/media\/11502"}],"wp:attachment":[{"href":"https:\/\/radiopoloniawinnipeg.com\/index.php\/wp-json\/wp\/v2\/media?parent=11501"}],"wp:term":[{"taxonomy":"category","embeddable":true,"href":"https:\/\/radiopoloniawinnipeg.com\/index.php\/wp-json\/wp\/v2\/categories?post=11501"},{"taxonomy":"post_tag","embeddable":true,"href":"https:\/\/radiopoloniawinnipeg.com\/index.php\/wp-json\/wp\/v2\/tags?post=11501"}],"curies":[{"name":"wp","href":"https:\/\/api.w.org\/{rel}","templated":true}]}}