{"id":11513,"date":"2026-08-31T09:15:02","date_gmt":"2026-08-31T13:15:02","guid":{"rendered":"https:\/\/radiopoloniawinnipeg.com\/index.php\/2026\/08\/31\/rozpoczely-sie-wybory-uzupelniajace-w-trzech-okregach\/"},"modified":"2026-08-31T09:15:02","modified_gmt":"2026-08-31T13:15:02","slug":"rozpoczely-sie-wybory-uzupelniajace-w-trzech-okregach","status":"publish","type":"post","link":"https:\/\/radiopoloniawinnipeg.com\/index.php\/2026\/08\/31\/rozpoczely-sie-wybory-uzupelniajace-w-trzech-okregach\/","title":{"rendered":"Rozpocz\u0119\u0142y si\u0119 wybory uzupe\u0142niaj\u0105ce w trzech okr\u0119gach"},"content":{"rendered":"<p><img decoding=\"async\" loading=\"lazy\" class=\"aligncenter size-custom-full-size wp-image-251294\" src=\"https:\/\/bejsment.com\/wp-content\/uploads\/2026\/08\/aawybory2-636x359.jpg\" alt=\"\" width=\"636\" height=\"359\" \/><\/p>\n<p><strong>W poniedzia\u0142ek mieszka\u0144cy trzech kanadyjskich okr\u0119g\u00f3w wyborczych wybieraj\u0105 nowych deputowanych do Izby Gmin. Najwi\u0119cej uwagi przyci\u0105ga g\u0142osowanie w Chicoutimi\u2013Le Fjord w Quebecu, gdzie spodziewana jest zaci\u0119ta rywalizacja.<\/strong><\/p>\n<p>Wybory uzupe\u0142niaj\u0105ce odbywaj\u0105 si\u0119 w okr\u0119gach Chicoutimi\u2013Le Fjord, Beaches\u2013East York w Toronto oraz North Vancouver\u2013Capilano w Kolumbii Brytyjskiej.<\/p>\n<p>W Quebecu mandat zwolni\u0142 konserwatywny deputowany Richard Martel, kt\u00f3ry zrezygnowa\u0142 z miejsca w Izbie Gmin po powo\u0142aniu do Senatu. W wyborach federalnych w 2025 roku Martel zwyci\u0119\u017cy\u0142 w bardzo wyr\u00f3wnanej rywalizacji, pokonuj\u0105c kandydat\u00f3w Partii Liberalnej i Bloku Quebecu r\u00f3\u017cnic\u0105 oko\u0142o 1500 g\u0142os\u00f3w.<\/p>\n<p>Zdaniem Daniela B\u00e9landa, profesora nauk politycznych na McGill University, ewentualna utrata tego okr\u0119gu przez konserwatyst\u00f3w mog\u0142aby wzmocni\u0107 g\u0142osy kwestionuj\u0105ce przyw\u00f3dztwo Pierre\u2019a Poilievre\u2019a.<\/p>\n<p>W Toronto g\u0142osowanie w Beaches\u2013East York jest konieczne po odej\u015bciu by\u0142ego ministra Nate\u2019a Erskine-Smitha. Z kolei w North Vancouver\u2013Capilano wyborcy wybior\u0105 nast\u0119pc\u0119 Jonathana Wilkinsona, r\u00f3wnie\u017c by\u0142ego cz\u0142onka federalnego gabinetu.<\/p>\n<p>Wyniki wszystkich trzech wybor\u00f3w nie zmieni\u0105 zasadniczo uk\u0142adu si\u0142 w Izbie Gmin, jednak rezultat w Chicoutimi\u2013Le Fjord b\u0119dzie uwa\u017cnie obserwowany jako sprawdzian poparcia dla konserwatyst\u00f3w w Quebecu.<\/p>\n","protected":false},"excerpt":{"rendered":"<p>W poniedzia\u0142ek mieszka\u0144cy trzech kanadyjskich okr\u0119g\u00f3w wyborczych wybieraj\u0105 nowych deputowanych do Izby Gmin. Najwi\u0119cej uwagi przyci\u0105ga g\u0142osowanie w Chicoutimi\u2013Le Fjord w Quebecu, gdzie spodziewana jest&hellip;<\/p>\n","protected":false},"author":3,"featured_media":11514,"comment_status":"open","ping_status":"open","sticky":false,"template":"","format":"standard","meta":{"footnotes":""},"categories":[12,18],"tags":[],"class_list":["post-11513","post","type-post","status-publish","format-standard","has-post-thumbnail","hentry","category-kanada","category-top-news"],"_links":{"self":[{"href":"https:\/\/radiopoloniawinnipeg.com\/index.php\/wp-json\/wp\/v2\/posts\/11513","targetHints":{"allow":["GET"]}}],"collection":[{"href":"https:\/\/radiopoloniawinnipeg.com\/index.php\/wp-json\/wp\/v2\/posts"}],"about":[{"href":"https:\/\/radiopoloniawinnipeg.com\/index.php\/wp-json\/wp\/v2\/types\/post"}],"author":[{"embeddable":true,"href":"https:\/\/radiopoloniawinnipeg.com\/index.php\/wp-json\/wp\/v2\/users\/3"}],"replies":[{"embeddable":true,"href":"https:\/\/radiopoloniawinnipeg.com\/index.php\/wp-json\/wp\/v2\/comments?post=11513"}],"version-history":[{"count":0,"href":"https:\/\/radiopoloniawinnipeg.com\/index.php\/wp-json\/wp\/v2\/posts\/11513\/revisions"}],"wp:featuredmedia":[{"embeddable":true,"href":"https:\/\/radiopoloniawinnipeg.com\/index.php\/wp-json\/wp\/v2\/media\/11514"}],"wp:attachment":[{"href":"https:\/\/radiopoloniawinnipeg.com\/index.php\/wp-json\/wp\/v2\/media?parent=11513"}],"wp:term":[{"taxonomy":"category","embeddable":true,"href":"https:\/\/radiopoloniawinnipeg.com\/index.php\/wp-json\/wp\/v2\/categories?post=11513"},{"taxonomy":"post_tag","embeddable":true,"href":"https:\/\/radiopoloniawinnipeg.com\/index.php\/wp-json\/wp\/v2\/tags?post=11513"}],"curies":[{"name":"wp","href":"https:\/\/api.w.org\/{rel}","templated":true}]}}