{"id":11517,"date":"2026-08-31T10:15:08","date_gmt":"2026-08-31T14:15:08","guid":{"rendered":"https:\/\/radiopoloniawinnipeg.com\/index.php\/2026\/08\/31\/putin-jak-przegram-wojne-powiesza-mnie\/"},"modified":"2026-08-31T10:15:08","modified_gmt":"2026-08-31T14:15:08","slug":"putin-jak-przegram-wojne-powiesza-mnie","status":"publish","type":"post","link":"https:\/\/radiopoloniawinnipeg.com\/index.php\/2026\/08\/31\/putin-jak-przegram-wojne-powiesza-mnie\/","title":{"rendered":"Putin: \u201eJak przegram wojn\u0119, powiesz\u0105 mnie&#8221;"},"content":{"rendered":"<div id=\"attachment_251318\" style=\"width: 646px\" class=\"wp-caption aligncenter\"><img decoding=\"async\" loading=\"lazy\" aria-describedby=\"caption-attachment-251318\" class=\"size-custom-full-size wp-image-251318\" src=\"https:\/\/bejsment.com\/wp-content\/uploads\/2026\/08\/aaputin-636x376.jpg\" alt=\"\" width=\"636\" height=\"376\" \/><\/p>\n<p id=\"caption-attachment-251318\" class=\"wp-caption-text\">W\u0142adimir Putin<\/p>\n<\/div>\n<p><strong>W\u0142adimir Putin obawia si\u0119, \u017ce zako\u0144czenie wojny na Ukrainie bez osi\u0105gni\u0119cia cel\u00f3w, kt\u00f3re m\u00f3g\u0142by przedstawi\u0107 jako zwyci\u0119stwo, zagrozi jego pozycji, a nawet osobistemu bezpiecze\u0144stwu \u2013 pisze \u201eThe Economist\u201d, powo\u0142uj\u0105c si\u0119 na \u017ar\u00f3d\u0142a zwi\u0105zane z Kremlem. Rosyjski przyw\u00f3dca mia\u0142 w pewnym momencie powiedzie\u0107 swoim wsp\u00f3\u0142pracownikom: \u201ePowiesz\u0105 mnie\u201d.<\/strong><\/p>\n<p>Brytyjski tygodnik nie podaje, kiedy dok\u0142adnie pad\u0142y te s\u0142owa, do kogo zosta\u0142y skierowane ani w jakim kontek\u015bcie. Wed\u0142ug jego \u017ar\u00f3de\u0142 Putin mo\u017ce uwa\u017ca\u0107, \u017ce minimalnym rezultatem wojny, kt\u00f3ry pozwoli\u0142by mu unikn\u0105\u0107 wra\u017cenia pora\u017cki, jest zaj\u0119cie ca\u0142ego Donbasu.<\/p>\n<p>\u201eThe Economist\u201d wskazuje jednocze\u015bnie na pogarszaj\u0105ce si\u0119 nastroje w Rosji. Niezadowolenie z przed\u0142u\u017caj\u0105cej si\u0119 wojny ma rosn\u0105\u0107 zar\u00f3wno w spo\u0142ecze\u0144stwie, jak i w\u015br\u00f3d rosyjskich elit. Jeden z rozm\u00f3wc\u00f3w tygodnika oceni\u0142, \u017ce problemem staj\u0105 si\u0119 nie tylko koszty gospodarcze i brak rozstrzygaj\u0105cych sukces\u00f3w militarnych, ale r\u00f3wnie\u017c czas i ogromne zasoby zu\u017cyte podczas niemal pi\u0119ciu lat dzia\u0142a\u0144 wojennych.<\/p>\n<p>Zdaniem rozm\u00f3wc\u00f3w magazynu Kreml nie mo\u017ce jednak bez ko\u0144ca utrzymywa\u0107 obecnej sytuacji, poniewa\u017c wojna poch\u0142ania coraz wi\u0119ksze zasoby gospodarcze i kapita\u0142 polityczny.<\/p>\n<p>Putin nadal dysponuje \u015brodkami finansowymi i aparatem represji pozwalaj\u0105cymi mu kontynuowa\u0107 wojn\u0119. Wed\u0142ug analizy \u201eThe Economist\u201d obawa przed okazaniem s\u0142abo\u015bci mo\u017ce jednak sk\u0142ania\u0107 rosyjskiego przyw\u00f3dc\u0119 do dalszej eskalacji.<\/p>\n<p>Jednym z mo\u017cliwych scenariuszy jest nasilenie rosyjskich dzia\u0142a\u0144 hybrydowych i operacji sabota\u017cowych przeciwko pa\u0144stwom wspieraj\u0105cym Ukrain\u0119. Rosja mo\u017ce r\u00f3wnie\u017c zwi\u0119kszy\u0107 skal\u0119 atak\u00f3w na sam\u0105 Ukrain\u0119.<\/p>\n<p>\u0179r\u00f3d\u0142a cytowane przez tygodnik twierdz\u0105 ponadto, \u017ce Kreml zamierza skierowa\u0107 na front dodatkowych 300\u2013400 tys. ludzi. Mia\u0142oby si\u0119 to odby\u0107 bez og\u0142aszania nowej og\u00f3lnokrajowej mobilizacji, m.in. poprzez zwi\u0119kszenie presji na w\u0142adze regionalne, aby pozyskiwa\u0142y kolejnych \u017co\u0142nierzy.<\/p>\n","protected":false},"excerpt":{"rendered":"<p>W\u0142adimir Putin W\u0142adimir Putin obawia si\u0119, \u017ce zako\u0144czenie wojny na Ukrainie bez osi\u0105gni\u0119cia cel\u00f3w, kt\u00f3re m\u00f3g\u0142by przedstawi\u0107 jako zwyci\u0119stwo, zagrozi jego pozycji, a nawet osobistemu&hellip;<\/p>\n","protected":false},"author":3,"featured_media":11518,"comment_status":"open","ping_status":"open","sticky":false,"template":"","format":"standard","meta":{"footnotes":""},"categories":[15,18],"tags":[],"class_list":["post-11517","post","type-post","status-publish","format-standard","has-post-thumbnail","hentry","category-swiat","category-top-news"],"_links":{"self":[{"href":"https:\/\/radiopoloniawinnipeg.com\/index.php\/wp-json\/wp\/v2\/posts\/11517","targetHints":{"allow":["GET"]}}],"collection":[{"href":"https:\/\/radiopoloniawinnipeg.com\/index.php\/wp-json\/wp\/v2\/posts"}],"about":[{"href":"https:\/\/radiopoloniawinnipeg.com\/index.php\/wp-json\/wp\/v2\/types\/post"}],"author":[{"embeddable":true,"href":"https:\/\/radiopoloniawinnipeg.com\/index.php\/wp-json\/wp\/v2\/users\/3"}],"replies":[{"embeddable":true,"href":"https:\/\/radiopoloniawinnipeg.com\/index.php\/wp-json\/wp\/v2\/comments?post=11517"}],"version-history":[{"count":0,"href":"https:\/\/radiopoloniawinnipeg.com\/index.php\/wp-json\/wp\/v2\/posts\/11517\/revisions"}],"wp:featuredmedia":[{"embeddable":true,"href":"https:\/\/radiopoloniawinnipeg.com\/index.php\/wp-json\/wp\/v2\/media\/11518"}],"wp:attachment":[{"href":"https:\/\/radiopoloniawinnipeg.com\/index.php\/wp-json\/wp\/v2\/media?parent=11517"}],"wp:term":[{"taxonomy":"category","embeddable":true,"href":"https:\/\/radiopoloniawinnipeg.com\/index.php\/wp-json\/wp\/v2\/categories?post=11517"},{"taxonomy":"post_tag","embeddable":true,"href":"https:\/\/radiopoloniawinnipeg.com\/index.php\/wp-json\/wp\/v2\/tags?post=11517"}],"curies":[{"name":"wp","href":"https:\/\/api.w.org\/{rel}","templated":true}]}}