{"id":11523,"date":"2026-08-31T14:15:03","date_gmt":"2026-08-31T18:15:03","guid":{"rendered":"https:\/\/radiopoloniawinnipeg.com\/index.php\/2026\/08\/31\/inpost-rosnie-za-granica-ponad-polowa-przychodow-juz-spoza-polski\/"},"modified":"2026-08-31T14:15:03","modified_gmt":"2026-08-31T18:15:03","slug":"inpost-rosnie-za-granica-ponad-polowa-przychodow-juz-spoza-polski","status":"publish","type":"post","link":"https:\/\/radiopoloniawinnipeg.com\/index.php\/2026\/08\/31\/inpost-rosnie-za-granica-ponad-polowa-przychodow-juz-spoza-polski\/","title":{"rendered":"InPost ro\u015bnie za granic\u0105. Ponad po\u0142owa przychod\u00f3w ju\u017c spoza Polski"},"content":{"rendered":"<p><img decoding=\"async\" loading=\"lazy\" class=\"aligncenter size-custom-full-size wp-image-251312\" src=\"https:\/\/bejsment.com\/wp-content\/uploads\/2026\/08\/aainpost-636x478.jpg\" alt=\"\" width=\"636\" height=\"478\" \/><\/p>\n<p><strong>InPost zako\u0144czy\u0142 drugi kwarta\u0142 2026 roku z przychodami przekraczaj\u0105cymi 4,17 mld z\u0142. To o 18 proc. wi\u0119cej ni\u017c przed rokiem. Firma obs\u0142u\u017cy\u0142a w ci\u0105gu trzech miesi\u0119cy niemal 381 mln przesy\u0142ek, a liczba Paczkomat\u00f3w dzia\u0142aj\u0105cych na wszystkich rynkach wzros\u0142a do blisko 69 tys.<\/strong><\/p>\n<p>Skonsolidowane przychody grupy wynios\u0142y dok\u0142adnie 4,1776 mld z\u0142, a skorygowany zysk EBITDA, czyli wynik przed odsetkami, podatkami i amortyzacj\u0105, osi\u0105gn\u0105\u0142 1,0433 mld z\u0142 i by\u0142 o 4,4 proc. wy\u017cszy ni\u017c rok wcze\u015bniej.<\/p>\n<p>Coraz wi\u0119ksze znaczenie dla InPostu ma dzia\u0142alno\u015b\u0107 zagraniczna. W drugim kwartale ju\u017c 54 proc. przychod\u00f3w pochodzi\u0142o spoza Polski, podczas gdy polski rynek odpowiada\u0142 za pozosta\u0142e 46 proc.<\/p>\n<p>Najszybciej rozwija\u0142 si\u0119 segment Eurozone, obejmuj\u0105cy dzia\u0142alno\u015b\u0107 firmy w krajach strefy euro. Jego przychody wzros\u0142y o 37,9 proc., a skorygowana EBITDA o niemal 40 proc. W Polsce przychody zwi\u0119kszy\u0142y si\u0119 o 12,7 proc., natomiast w Wielkiej Brytanii i Irlandii o 9,8 proc.<\/p>\n<h3><strong>Prawie 381 mln paczek w trzy miesi\u0105ce<\/strong><\/h3>\n<p>Od kwietnia do czerwca InPost obs\u0142u\u017cy\u0142 380,9 mln przesy\u0142ek, o 16 proc. wi\u0119cej ni\u017c w analogicznym okresie ubieg\u0142ego roku. W Polsce liczba paczek wzros\u0142a o 9 proc., do 198 mln. W krajach strefy euro zwi\u0119kszy\u0142a si\u0119 o 30 proc., do 101 mln, natomiast w Wielkiej Brytanii i Irlandii o 16 proc., do 81,8 mln.<\/p>\n<p>\u2013 Na wszystkich rynkach mi\u0119dzynarodowych ro\u015bli\u015bmy szybciej ni\u017c ca\u0142y rynek e-commerce \u2013 powiedzia\u0142 za\u0142o\u017cyciel i prezes InPost Group Rafa\u0142 Brzoska.<\/p>\n<p>Firma nadal intensywnie rozbudowuje sie\u0107 automat\u00f3w paczkowych. W ci\u0105gu kwarta\u0142u zainstalowa\u0142a ponad 4200 nowych urz\u0105dze\u0144. Na koniec czerwca na wszystkich obs\u0142ugiwanych rynkach dzia\u0142a\u0142o 68 925 Paczkomat\u00f3w, o 29 proc. wi\u0119cej ni\u017c rok wcze\u015bniej.<\/p>\n<p>InPost przeznaczy\u0142 w drugim kwartale na inwestycje 504 mln z\u0142. Pieni\u0105dze wydano przede wszystkim na produkcj\u0119 i instalacj\u0119 kolejnych automat\u00f3w.<\/p>\n<h3><strong>Du\u017cy wzrost w Europie<\/strong><\/h3>\n<p>Szczeg\u00f3lnie dobre wyniki firma osi\u0105ga w krajach strefy euro. Liczba przesy\u0142ek dostarczanych tam do automat\u00f3w paczkowych wzros\u0142a w ci\u0105gu roku a\u017c o 45 proc. Segment rozwija si\u0119 m.in. dzi\u0119ki nale\u017c\u0105cej do grupy firmie Mondial Relay.<\/p>\n<p>Bardziej skomplikowana pozostaje sytuacja w Wielkiej Brytanii i Irlandii. Chocia\u017c liczba obs\u0142u\u017conych paczek wzros\u0142a, skorygowana EBITDA tego segmentu spad\u0142a o prawie 40 proc. do 29,1 mln z\u0142. Firma t\u0142umaczy to trwaj\u0105c\u0105 przebudow\u0105 brytyjskiego biznesu. Od lipca marka Yodel zosta\u0142a zast\u0105piona mark\u0105 InPost, a dzia\u0142alno\u015b\u0107 po\u0142\u0105czono pod jedn\u0105 nazw\u0105 i w jednej aplikacji.<\/p>\n<p>InPost zapowiada dalsz\u0105 ekspansj\u0119 zagraniczn\u0105. Towarzysz\u0105 jej jednak rosn\u0105ce koszty i zad\u0142u\u017cenie. Wska\u017anik zad\u0142u\u017cenia netto do skorygowanej EBITDA wzr\u00f3s\u0142 z 2,2 na koniec 2025 roku do 2,5 na koniec czerwca.<\/p>\n<p>Firma za\u0142o\u017cona przez Rafa\u0142a Brzosk\u0119 w 1999 roku zaczyna\u0142a dzia\u0142alno\u015b\u0107 w Polsce. Obecnie rozwija og\u00f3lnoeuropejsk\u0105 sie\u0107 dostaw dla handlu internetowego, obejmuj\u0105c\u0105 automaty paczkowe, punkty odbioru i us\u0142ugi kurierskie. Od 2021 roku akcje InPostu s\u0105 notowane na gie\u0142dzie Euronext Amsterdam.<\/p>\n","protected":false},"excerpt":{"rendered":"<p>InPost zako\u0144czy\u0142 drugi kwarta\u0142 2026 roku z przychodami przekraczaj\u0105cymi 4,17 mld z\u0142. To o 18 proc. wi\u0119cej ni\u017c przed rokiem. Firma obs\u0142u\u017cy\u0142a w ci\u0105gu trzech&hellip;<\/p>\n","protected":false},"author":3,"featured_media":11524,"comment_status":"open","ping_status":"open","sticky":false,"template":"","format":"standard","meta":{"footnotes":""},"categories":[16,18],"tags":[],"class_list":["post-11523","post","type-post","status-publish","format-standard","has-post-thumbnail","hentry","category-rynek","category-top-news"],"_links":{"self":[{"href":"https:\/\/radiopoloniawinnipeg.com\/index.php\/wp-json\/wp\/v2\/posts\/11523","targetHints":{"allow":["GET"]}}],"collection":[{"href":"https:\/\/radiopoloniawinnipeg.com\/index.php\/wp-json\/wp\/v2\/posts"}],"about":[{"href":"https:\/\/radiopoloniawinnipeg.com\/index.php\/wp-json\/wp\/v2\/types\/post"}],"author":[{"embeddable":true,"href":"https:\/\/radiopoloniawinnipeg.com\/index.php\/wp-json\/wp\/v2\/users\/3"}],"replies":[{"embeddable":true,"href":"https:\/\/radiopoloniawinnipeg.com\/index.php\/wp-json\/wp\/v2\/comments?post=11523"}],"version-history":[{"count":0,"href":"https:\/\/radiopoloniawinnipeg.com\/index.php\/wp-json\/wp\/v2\/posts\/11523\/revisions"}],"wp:featuredmedia":[{"embeddable":true,"href":"https:\/\/radiopoloniawinnipeg.com\/index.php\/wp-json\/wp\/v2\/media\/11524"}],"wp:attachment":[{"href":"https:\/\/radiopoloniawinnipeg.com\/index.php\/wp-json\/wp\/v2\/media?parent=11523"}],"wp:term":[{"taxonomy":"category","embeddable":true,"href":"https:\/\/radiopoloniawinnipeg.com\/index.php\/wp-json\/wp\/v2\/categories?post=11523"},{"taxonomy":"post_tag","embeddable":true,"href":"https:\/\/radiopoloniawinnipeg.com\/index.php\/wp-json\/wp\/v2\/tags?post=11523"}],"curies":[{"name":"wp","href":"https:\/\/api.w.org\/{rel}","templated":true}]}}