{"id":11527,"date":"2026-08-31T17:15:03","date_gmt":"2026-08-31T21:15:03","guid":{"rendered":"https:\/\/radiopoloniawinnipeg.com\/index.php\/2026\/08\/31\/kanadyjska-gmina-rozdaje-mieszkancom-sedesy-za-darmo\/"},"modified":"2026-08-31T17:15:03","modified_gmt":"2026-08-31T21:15:03","slug":"kanadyjska-gmina-rozdaje-mieszkancom-sedesy-za-darmo","status":"publish","type":"post","link":"https:\/\/radiopoloniawinnipeg.com\/index.php\/2026\/08\/31\/kanadyjska-gmina-rozdaje-mieszkancom-sedesy-za-darmo\/","title":{"rendered":"Kanadyjska gmina rozdaje mieszka\u0144com sedesy za darmo"},"content":{"rendered":"<div id=\"attachment_251322\" style=\"width: 646px\" class=\"wp-caption aligncenter\"><img decoding=\"async\" loading=\"lazy\" aria-describedby=\"caption-attachment-251322\" class=\"size-custom-full-size wp-image-251322\" src=\"https:\/\/bejsment.com\/wp-content\/uploads\/2026\/08\/aatoalety-636x358.jpg\" alt=\"\" width=\"636\" height=\"358\" \/><\/p>\n<p id=\"caption-attachment-251322\" class=\"wp-caption-text\">Pracownicy dystryktu Port Edward, Alex Sirovyak i Chelsea Franco, stoj\u0105 z dyrektorem administracyjnym Tysonem Schofieldem, przygotowuj\u0105c si\u0119 do rozdania mieszka\u0144com bezp\u0142atnych toalet.<\/p>\n<\/div>\n<p><strong>Mieszka\u0144cy niewielkiej miejscowo\u015bci Port Edward w Kolumbii Brytyjskiej mog\u0105 otrzyma\u0107 od gminy za darmo\u2026 sedes. Urz\u0119dnicy postanowili rozda\u0107 35 nieu\u017cywanych toalet, kt\u00f3re od ponad 20 lat przechowywane by\u0142y w piwnicy urz\u0119du.<\/strong><\/p>\n<p>Port Edward, po\u0142o\u017cone na po\u0142udnie od Prince Rupert w p\u00f3\u0142nocno-zachodniej cz\u0119\u015bci prowincji, liczy niespe\u0142na 500 mieszka\u0144c\u00f3w. Toalety zakupiono jeszcze w 2003 roku w ramach programu maj\u0105cego ograniczy\u0107 zu\u017cycie wody. Nie wszystkie zosta\u0142y jednak wykorzystane i przez kolejne dwie dekady, nadal zapakowane, zajmowa\u0142y miejsce w magazynie.<\/p>\n<p>Spraw\u0105 zainteresowa\u0142 si\u0119 Tyson Schofield, kt\u00f3ry w czerwcu obj\u0105\u0142 stanowisko dyrektora administracyjnego gminy.<\/p>\n<p>\u2013 Zajmuj\u0105 mn\u00f3stwo miejsca w naszej piwnicy. Pomy\u015bla\u0142em, \u017ce nie jest to najlepszy spos\u00f3b ich wykorzystania. Rozdajmy je mieszka\u0144com, \u017ceby mog\u0142y s\u0142u\u017cy\u0107 zgodnie ze swoim przeznaczeniem \u2013 powiedzia\u0142.<\/p>\n<p>Gmina og\u0142osi\u0142a wi\u0119c, \u017ce 35 wodooszcz\u0119dnych toalet trafi bezp\u0142atnie do mieszka\u0144c\u00f3w. Obowi\u0105zuje prosta zasada: kto pierwszy, ten lepszy.<\/p>\n<p>Urz\u0119dnicy podeszli do akcji z humorem. W mediach spo\u0142eczno\u015bciowych wykorzystali s\u0142ynny mem z Oprah Winfrey, opatruj\u0105c go has\u0142em: \u201eTy dostajesz sedes! Ty dostajesz sedes! Ty dostajesz sedes!\u201d. Pomys\u0142 najwyra\u017aniej zadzia\u0142a\u0142 \u2013 ju\u017c nast\u0119pnego dnia ch\u0119tnych znalaz\u0142o 18 z 35 urz\u0105dze\u0144.<\/p>\n<div id=\"attachment_251323\" style=\"width: 646px\" class=\"wp-caption aligncenter\"><img decoding=\"async\" loading=\"lazy\" aria-describedby=\"caption-attachment-251323\" class=\"size-custom-full-size wp-image-251323\" src=\"https:\/\/bejsment.com\/wp-content\/uploads\/2026\/08\/aaoprahtoalety-636x334.jpg\" alt=\"\" width=\"636\" height=\"334\" \/><\/p>\n<p id=\"caption-attachment-251323\" class=\"wp-caption-text\">Dzielnica Port Edward wykorzysta\u0142a to zdj\u0119cie Oprah Winfrey do promocji darmowych toalet<\/p>\n<\/div>\n<p>Jedn\u0105 z mieszkanek, kt\u00f3re zg\u0142osi\u0142y si\u0119 po darmowe toalety, by\u0142a Teresa Andrews. Odebra\u0142a je dla siebie i swoich syn\u00f3w.<\/p>\n<p>\u2013 To \u015bwietne, \u017ce robi\u0105 co\u015b takiego dla mieszka\u0144c\u00f3w. Mo\u017cemy wymieni\u0107 toalety bez konieczno\u015bci kupowania nowych w sklepie \u2013 powiedzia\u0142a.<\/p>\n<p>Program sprzed ponad dw\u00f3ch dekad by\u0142 zwi\u0105zany z przebudow\u0105 miejscowej stacji uzdatniania wody. Aby otrzyma\u0107 dofinansowanie inwestycji, Port Edward musia\u0142o ograniczy\u0107 jej zu\u017cycie, dlatego gmina kupi\u0142a wodooszcz\u0119dne toalety.<\/p>\n<p>Schofield zastrzega, \u017ce ze wzgl\u0119du na wiek urz\u0105dze\u0144 nie mo\u017ce zagwarantowa\u0107 ich jako\u015bci. Dwa sedesy zamontowano jednak niedawno w urz\u0119dzie i \u2013 jak zapewnia \u2013 dzia\u0142aj\u0105 bez zarzutu.<\/p>\n","protected":false},"excerpt":{"rendered":"<p>Pracownicy dystryktu Port Edward, Alex Sirovyak i Chelsea Franco, stoj\u0105 z dyrektorem administracyjnym Tysonem Schofieldem, przygotowuj\u0105c si\u0119 do rozdania mieszka\u0144com bezp\u0142atnych toalet. Mieszka\u0144cy niewielkiej miejscowo\u015bci&hellip;<\/p>\n","protected":false},"author":3,"featured_media":11528,"comment_status":"open","ping_status":"open","sticky":false,"template":"","format":"standard","meta":{"footnotes":""},"categories":[12,18],"tags":[],"class_list":["post-11527","post","type-post","status-publish","format-standard","has-post-thumbnail","hentry","category-kanada","category-top-news"],"_links":{"self":[{"href":"https:\/\/radiopoloniawinnipeg.com\/index.php\/wp-json\/wp\/v2\/posts\/11527","targetHints":{"allow":["GET"]}}],"collection":[{"href":"https:\/\/radiopoloniawinnipeg.com\/index.php\/wp-json\/wp\/v2\/posts"}],"about":[{"href":"https:\/\/radiopoloniawinnipeg.com\/index.php\/wp-json\/wp\/v2\/types\/post"}],"author":[{"embeddable":true,"href":"https:\/\/radiopoloniawinnipeg.com\/index.php\/wp-json\/wp\/v2\/users\/3"}],"replies":[{"embeddable":true,"href":"https:\/\/radiopoloniawinnipeg.com\/index.php\/wp-json\/wp\/v2\/comments?post=11527"}],"version-history":[{"count":0,"href":"https:\/\/radiopoloniawinnipeg.com\/index.php\/wp-json\/wp\/v2\/posts\/11527\/revisions"}],"wp:featuredmedia":[{"embeddable":true,"href":"https:\/\/radiopoloniawinnipeg.com\/index.php\/wp-json\/wp\/v2\/media\/11528"}],"wp:attachment":[{"href":"https:\/\/radiopoloniawinnipeg.com\/index.php\/wp-json\/wp\/v2\/media?parent=11527"}],"wp:term":[{"taxonomy":"category","embeddable":true,"href":"https:\/\/radiopoloniawinnipeg.com\/index.php\/wp-json\/wp\/v2\/categories?post=11527"},{"taxonomy":"post_tag","embeddable":true,"href":"https:\/\/radiopoloniawinnipeg.com\/index.php\/wp-json\/wp\/v2\/tags?post=11527"}],"curies":[{"name":"wp","href":"https:\/\/api.w.org\/{rel}","templated":true}]}}