{"id":11531,"date":"2026-08-31T18:00:07","date_gmt":"2026-08-31T22:00:07","guid":{"rendered":"https:\/\/radiopoloniawinnipeg.com\/index.php\/2026\/08\/31\/nawrocki-w-gdansku-sa-ludzie-ktorzy-nie-toleruja-zadnej-opozycji\/"},"modified":"2026-08-31T18:00:07","modified_gmt":"2026-08-31T22:00:07","slug":"nawrocki-w-gdansku-sa-ludzie-ktorzy-nie-toleruja-zadnej-opozycji","status":"publish","type":"post","link":"https:\/\/radiopoloniawinnipeg.com\/index.php\/2026\/08\/31\/nawrocki-w-gdansku-sa-ludzie-ktorzy-nie-toleruja-zadnej-opozycji\/","title":{"rendered":"Nawrocki w Gda\u0144sku: S\u0105 ludzie, kt\u00f3rzy nie toleruj\u0105 \u017cadnej opozycji"},"content":{"rendered":"<div id=\"attachment_251326\" style=\"width: 646px\" class=\"wp-caption aligncenter\"><img decoding=\"async\" loading=\"lazy\" aria-describedby=\"caption-attachment-251326\" class=\"size-custom-full-size wp-image-251326\" src=\"https:\/\/bejsment.com\/wp-content\/uploads\/2026\/08\/aakarolnawrocki-636x358.jpg\" alt=\"\" width=\"636\" height=\"358\" \/><\/p>\n<p id=\"caption-attachment-251326\" class=\"wp-caption-text\">Prezydent Karol Nawrocki<\/p>\n<\/div>\n<p><strong>Prezydent Karol Nawrocki podczas obchod\u00f3w 46. rocznicy podpisania Porozumie\u0144 Sierpniowych m\u00f3wi\u0142 o znaczeniu \u201eSolidarno\u015bci\u201d i ostro krytykowa\u0142 osoby, kt\u00f3re \u2013 jego zdaniem \u2013 nie toleruj\u0105 opozycji i pr\u00f3buj\u0105 podporz\u0105dkowa\u0107 demokracj\u0119 w\u0142asnym interesom politycznym.<\/strong><\/p>\n<p>Prezydent wzi\u0105\u0142 udzia\u0142 w posiedzeniu Zarz\u0105du Regionu Gda\u0144skiego NSZZ \u201eSolidarno\u015b\u0107\u201d w historycznej Sali BHP Stoczni Gda\u0144skiej.<\/p>\n<p>Nawrocki przekonywa\u0142, \u017ce wydarzenia sprzed 46 lat powinny by\u0107 przestrog\u0105 zar\u00f3wno dla obecnych, jak i przysz\u0142ych rz\u0105dz\u0105cych.<\/p>\n<p>\u2013 Nigdy cz\u0142owiek nie zazna szcz\u0119\u015bcia kosztem drugiego cz\u0142owieka, niszcz\u0105c jego godno\u015b\u0107, niszcz\u0105c jego wolno\u015b\u0107 i ho\u0142duj\u0105c egoizmowi. To si\u0119 nie uda\u0142o przed blisko pi\u0119cioma dekadami, to nie uda si\u0119 z Polakami dzisiaj \u2013 powiedzia\u0142, nawi\u0105zuj\u0105c do s\u0142\u00f3w Jana Paw\u0142a II.<\/p>\n<p>Prezydent przypomnia\u0142, \u017ce przy stole negocjacyjnym w sierpniu 1980 roku zasiadali przedstawiciele strajkuj\u0105cych oraz w\u0142adz komunistycznych. Wed\u0142ug niego cz\u0119\u015b\u0107 dzia\u0142aczy PZPR traktowa\u0142a jednak porozumienie wy\u0142\u0105cznie jako rozwi\u0105zanie tymczasowe i pozostawa\u0142a wierna interesom partii oraz Moskwie. Nawrocki po\u0142\u0105czy\u0142 t\u0119 ocen\u0119 historyczn\u0105 z krytyk\u0105 wsp\u00f3\u0142czesnych przeciwnik\u00f3w politycznych.<\/p>\n<p>\u2013 Byli te\u017c tacy i niestety s\u0105 tak\u017ce na najwa\u017cniejszych stanowiskach w pa\u0144stwie polskim w roku 2026 \u2013 powiedzia\u0142.<\/p>\n<p>Nie wymieni\u0142 konkretnych os\u00f3b. Stwierdzi\u0142 natomiast, \u017ce chodzi o ludzi, kt\u00f3rzy \u201enie toleruj\u0105 \u017cadnej opozycji\u201d ani \u201e\u017cadnego g\u0142osu narodu\u201d oraz nie uznaj\u0105 \u2013 jak to okre\u015bli\u0142 \u2013 \u201ebezprzymiotnikowej demokracji\u201d.<\/p>\n<p>\u2013 Demokracja zawsze musi by\u0107 albo ludowa, albo walcz\u0105ca, albo jeszcze inna \u2013 m\u00f3wi\u0142 Nawrocki, nazywaj\u0105c swoich przeciwnik\u00f3w \u201eprzymiotnikowcami\u201d.<\/p>\n<p>Prezydent stwierdzi\u0142 r\u00f3wnie\u017c, \u017ce nawet \u201e10 milion\u00f3w g\u0142os\u00f3w narodu polskiego\u201d nie sk\u0142oni\u0142o krytykowanych przez niego \u015brodowisk do poszukiwania porozumienia.<\/p>\n<p>W Gda\u0144sku odby\u0142y si\u0119 w poniedzia\u0142ek osobne dwie uroczysto\u015bci rocznicowe \u2013 jedna organizowana przez NSZZ \u201eSolidarno\u015b\u0107\u201d, <a href=\"https:\/\/bejsment.com\/index.php\/2026\/08\/31\/46-rocznica-porozumien-sierpniowych-walesa-nie-bylismy-przygotowani-na-zwyciestwo\/\" target=\"_blank\" rel=\"noopener\">druga &#8211; przez miasto i Europejskie Centrum Solidarno\u015bci.<\/a><\/p>\n","protected":false},"excerpt":{"rendered":"<p>Prezydent Karol Nawrocki Prezydent Karol Nawrocki podczas obchod\u00f3w 46. rocznicy podpisania Porozumie\u0144 Sierpniowych m\u00f3wi\u0142 o znaczeniu \u201eSolidarno\u015bci\u201d i ostro krytykowa\u0142 osoby, kt\u00f3re \u2013 jego zdaniem&hellip;<\/p>\n","protected":false},"author":3,"featured_media":11532,"comment_status":"open","ping_status":"open","sticky":false,"template":"","format":"standard","meta":{"footnotes":""},"categories":[14,18],"tags":[],"class_list":["post-11531","post","type-post","status-publish","format-standard","has-post-thumbnail","hentry","category-polska","category-top-news"],"_links":{"self":[{"href":"https:\/\/radiopoloniawinnipeg.com\/index.php\/wp-json\/wp\/v2\/posts\/11531","targetHints":{"allow":["GET"]}}],"collection":[{"href":"https:\/\/radiopoloniawinnipeg.com\/index.php\/wp-json\/wp\/v2\/posts"}],"about":[{"href":"https:\/\/radiopoloniawinnipeg.com\/index.php\/wp-json\/wp\/v2\/types\/post"}],"author":[{"embeddable":true,"href":"https:\/\/radiopoloniawinnipeg.com\/index.php\/wp-json\/wp\/v2\/users\/3"}],"replies":[{"embeddable":true,"href":"https:\/\/radiopoloniawinnipeg.com\/index.php\/wp-json\/wp\/v2\/comments?post=11531"}],"version-history":[{"count":0,"href":"https:\/\/radiopoloniawinnipeg.com\/index.php\/wp-json\/wp\/v2\/posts\/11531\/revisions"}],"wp:featuredmedia":[{"embeddable":true,"href":"https:\/\/radiopoloniawinnipeg.com\/index.php\/wp-json\/wp\/v2\/media\/11532"}],"wp:attachment":[{"href":"https:\/\/radiopoloniawinnipeg.com\/index.php\/wp-json\/wp\/v2\/media?parent=11531"}],"wp:term":[{"taxonomy":"category","embeddable":true,"href":"https:\/\/radiopoloniawinnipeg.com\/index.php\/wp-json\/wp\/v2\/categories?post=11531"},{"taxonomy":"post_tag","embeddable":true,"href":"https:\/\/radiopoloniawinnipeg.com\/index.php\/wp-json\/wp\/v2\/tags?post=11531"}],"curies":[{"name":"wp","href":"https:\/\/api.w.org\/{rel}","templated":true}]}}