{"id":11535,"date":"2026-09-01T08:15:05","date_gmt":"2026-09-01T12:15:05","guid":{"rendered":"https:\/\/radiopoloniawinnipeg.com\/index.php\/2026\/09\/01\/rosyjski-minister-na-szczycie-g20-europejczycy-odmowili-wspolnego-zdjecia\/"},"modified":"2026-09-01T08:15:05","modified_gmt":"2026-09-01T12:15:05","slug":"rosyjski-minister-na-szczycie-g20-europejczycy-odmowili-wspolnego-zdjecia","status":"publish","type":"post","link":"https:\/\/radiopoloniawinnipeg.com\/index.php\/2026\/09\/01\/rosyjski-minister-na-szczycie-g20-europejczycy-odmowili-wspolnego-zdjecia\/","title":{"rendered":"Rosyjski minister na szczycie G20. Europejczycy odm\u00f3wili wsp\u00f3lnego zdj\u0119cia"},"content":{"rendered":"<div id=\"attachment_251360\" style=\"width: 646px\" class=\"wp-caption aligncenter\"><img decoding=\"async\" loading=\"lazy\" aria-describedby=\"caption-attachment-251360\" class=\"size-custom-full-size wp-image-251360\" src=\"https:\/\/bejsment.com\/wp-content\/uploads\/2026\/09\/aasiulanow-636x358.jpg\" alt=\"\" width=\"636\" height=\"358\" \/><\/p>\n<p id=\"caption-attachment-251360\" class=\"wp-caption-text\">Anton Si\u0142uanow<\/p>\n<\/div>\n<p><strong>Udzia\u0142 rosyjskiego ministra finans\u00f3w Antona Si\u0142uanowa w spotkaniu G20 w USA wywo\u0142a\u0142 sprzeciw europejskich delegacji. Ich przedstawiciele odm\u00f3wili wsp\u00f3lnego zdj\u0119cia z Rosjanami. Polska po raz pierwszy uczestniczy\u0142a w obradach jako pe\u0142noprawny uczestnik.<\/strong><\/p>\n<p>Spotkanie odby\u0142o si\u0119 w Asheville w Karolinie P\u00f3\u0142nocnej. Obecno\u015b\u0107 Si\u0142uanowa oznacza\u0142a zmian\u0119 dotychczasowego podej\u015bcia USA do udzia\u0142u Rosji w mi\u0119dzynarodowych spotkaniach gospodarczych po rozpocz\u0119ciu pe\u0142noskalowej inwazji na Ukrain\u0119.<\/p>\n<p>Europejscy ministrowie uzgodnili, \u017ce nie wyst\u0105pi\u0105 do wsp\u00f3lnej fotografii z rosyjsk\u0105 delegacj\u0105. Ostatecznie zdj\u0119cie wykonano bez Si\u0142uanowa i jego wsp\u00f3\u0142pracownik\u00f3w.<\/p>\n<p><img decoding=\"async\" loading=\"lazy\" class=\"aligncenter size-custom-full-size wp-image-251362\" src=\"https:\/\/bejsment.com\/wp-content\/uploads\/2026\/09\/aag202-636x296.jpg\" alt=\"\" width=\"636\" height=\"296\" \/><\/p>\n<p>Na marginesie szczytu dosz\u0142o natomiast do pierwszego dwustronnego spotkania rosyjskiego ministra z sekretarzem skarbu USA Scottem Bessentem. Wed\u0142ug \u017ar\u00f3d\u0142a Politico, gdy Si\u0142uanow zacz\u0105\u0142 m\u00f3wi\u0107 o mo\u017cliwej wsp\u00f3\u0142pracy gospodarczej, Bessent mia\u0142 odpowiedzie\u0107, \u017ce \u201enic nie jest mo\u017cliwe, dop\u00f3ki wojna si\u0119 nie sko\u0144czy\u201d.<\/p>\n<p>Prezydent Donald Trump broni\u0142 decyzji o dopuszczeniu Rosjan do spotkania. \u2013 Lubimy dogadywa\u0107 si\u0119 ze wszystkimi \u2013 powiedzia\u0142.<\/p>\n<p>Polski minister finans\u00f3w i gospodarki Andrzej Doma\u0144ski podkre\u015bli\u0142, \u017ce Warszawa nie zmienia swojego stanowiska wobec Moskwy.<\/p>\n<p>\u2013 Rosji nie wolno ufa\u0107, bo przedstawiciele Federacji Rosyjskiej notorycznie k\u0142ami\u0105 \u2013 stwierdzi\u0142.<\/p>\n<p>Doma\u0144ski opowiedzia\u0142 si\u0119 za dalszym wywieraniem presji gospodarczej na Rosj\u0119, m.in. poprzez sankcje i dzia\u0142ania dotycz\u0105ce zamro\u017conych rosyjskich aktyw\u00f3w.<\/p>\n<p>Polska zabiega jednocze\u015bnie o sta\u0142e miejsce przy stole G20. Doma\u0144ski rozmawia\u0142 o tym m.in. z przedstawicielem Wielkiej Brytanii, kt\u00f3ra w przysz\u0142ym roku obejmie prezydencj\u0119 grupy. Wed\u0142ug ministra polskie starania spotka\u0142y si\u0119 z poparciem partner\u00f3w, jednak decyduj\u0105ce b\u0119dzie stanowisko Londynu.<\/p>\n","protected":false},"excerpt":{"rendered":"<p>Anton Si\u0142uanow Udzia\u0142 rosyjskiego ministra finans\u00f3w Antona Si\u0142uanowa w spotkaniu G20 w USA wywo\u0142a\u0142 sprzeciw europejskich delegacji. Ich przedstawiciele odm\u00f3wili wsp\u00f3lnego zdj\u0119cia z Rosjanami. Polska&hellip;<\/p>\n","protected":false},"author":3,"featured_media":11536,"comment_status":"open","ping_status":"open","sticky":false,"template":"","format":"standard","meta":{"footnotes":""},"categories":[15,18],"tags":[],"class_list":["post-11535","post","type-post","status-publish","format-standard","has-post-thumbnail","hentry","category-swiat","category-top-news"],"_links":{"self":[{"href":"https:\/\/radiopoloniawinnipeg.com\/index.php\/wp-json\/wp\/v2\/posts\/11535","targetHints":{"allow":["GET"]}}],"collection":[{"href":"https:\/\/radiopoloniawinnipeg.com\/index.php\/wp-json\/wp\/v2\/posts"}],"about":[{"href":"https:\/\/radiopoloniawinnipeg.com\/index.php\/wp-json\/wp\/v2\/types\/post"}],"author":[{"embeddable":true,"href":"https:\/\/radiopoloniawinnipeg.com\/index.php\/wp-json\/wp\/v2\/users\/3"}],"replies":[{"embeddable":true,"href":"https:\/\/radiopoloniawinnipeg.com\/index.php\/wp-json\/wp\/v2\/comments?post=11535"}],"version-history":[{"count":0,"href":"https:\/\/radiopoloniawinnipeg.com\/index.php\/wp-json\/wp\/v2\/posts\/11535\/revisions"}],"wp:featuredmedia":[{"embeddable":true,"href":"https:\/\/radiopoloniawinnipeg.com\/index.php\/wp-json\/wp\/v2\/media\/11536"}],"wp:attachment":[{"href":"https:\/\/radiopoloniawinnipeg.com\/index.php\/wp-json\/wp\/v2\/media?parent=11535"}],"wp:term":[{"taxonomy":"category","embeddable":true,"href":"https:\/\/radiopoloniawinnipeg.com\/index.php\/wp-json\/wp\/v2\/categories?post=11535"},{"taxonomy":"post_tag","embeddable":true,"href":"https:\/\/radiopoloniawinnipeg.com\/index.php\/wp-json\/wp\/v2\/tags?post=11535"}],"curies":[{"name":"wp","href":"https:\/\/api.w.org\/{rel}","templated":true}]}}