{"id":11539,"date":"2026-09-01T14:15:05","date_gmt":"2026-09-01T18:15:05","guid":{"rendered":"https:\/\/radiopoloniawinnipeg.com\/index.php\/2026\/09\/01\/podpalenie-fabryki-dronow-na-zlecenie-obcego-wywiadu\/"},"modified":"2026-09-01T14:15:05","modified_gmt":"2026-09-01T18:15:05","slug":"podpalenie-fabryki-dronow-na-zlecenie-obcego-wywiadu","status":"publish","type":"post","link":"https:\/\/radiopoloniawinnipeg.com\/index.php\/2026\/09\/01\/podpalenie-fabryki-dronow-na-zlecenie-obcego-wywiadu\/","title":{"rendered":"Podpalenie fabryki dron\u00f3w na zlecenie obcego wywiadu"},"content":{"rendered":"<p><img decoding=\"async\" loading=\"lazy\" class=\"aligncenter size-custom-full-size wp-image-251369\" src=\"https:\/\/bejsment.com\/wp-content\/uploads\/2026\/09\/aapozardronow-636x359.jpg\" alt=\"\" width=\"636\" height=\"359\" \/><\/p>\n<p><strong>\u015aledczy badaj\u0105 po\u017car w zak\u0142adzie WB Electronics w Skar\u017cysku-Kamiennej jako mo\u017cliwe przest\u0119pstwo o charakterze terrorystycznym. Sprawca mia\u0142 wedrze\u0107 si\u0119 noc\u0105 na teren fabryki i celowo wznieci\u0107 ogie\u0144.<\/strong><\/p>\n<p>Do zdarzenia dosz\u0142o w nocy z 30 na 31 sierpnia. Monitoring zarejestrowa\u0142 zamaskowanego m\u0119\u017cczyzn\u0119, kt\u00f3ry dosta\u0142 si\u0119 na teren zak\u0142adu. Wed\u0142ug najnowszych doniesie\u0144 mia\u0142 ze sob\u0105 materia\u0142y \u0142atwopalne. Po wznieceniu ognia uciek\u0142.<\/p>\n<p>Po\u017car zosta\u0142 szybko opanowany. Nikt nie zosta\u0142 ranny. Zak\u0142ad produkuje struktury kompozytowe i elementy sterowania do system\u00f3w bezza\u0142ogowych wykorzystywanych m.in. przez polskie i ukrai\u0144skie wojsko.<\/p>\n<p>Prokuratura wszcz\u0119\u0142a \u015bledztwo dotycz\u0105ce przest\u0119pstwa o charakterze terrorystycznym oraz mo\u017cliwej dzia\u0142alno\u015bci na rzecz obcego wywiadu. W spraw\u0119 zaanga\u017cowana jest r\u00f3wnie\u017c Agencja Bezpiecze\u0144stwa Wewn\u0119trznego. \u015awi\u0119tokrzyska policja powo\u0142a\u0142a specjaln\u0105 grup\u0119 \u015bledcz\u0105.<\/p>\n<p>S\u0142u\u017cby analizuj\u0105 nagrania z monitoringu i pr\u00f3buj\u0105 ustali\u0107 to\u017csamo\u015b\u0107 sprawcy oraz odpowiedzie\u0107 na najwa\u017cniejsze pytanie: czy dzia\u0142a\u0142 sam, czy na czyje\u015b zlecenie.<\/p>\n<p>WB Electronics jest jednym z najwa\u017cniejszych przedsi\u0119biorstw polskiego przemys\u0142u obronnego i najwi\u0119ksz\u0105 prywatn\u0105 firm\u0105 zbrojeniow\u0105 w kraju.<\/p>\n","protected":false},"excerpt":{"rendered":"<p>\u015aledczy badaj\u0105 po\u017car w zak\u0142adzie WB Electronics w Skar\u017cysku-Kamiennej jako mo\u017cliwe przest\u0119pstwo o charakterze terrorystycznym. Sprawca mia\u0142 wedrze\u0107 si\u0119 noc\u0105 na teren fabryki i celowo&hellip;<\/p>\n","protected":false},"author":3,"featured_media":11540,"comment_status":"open","ping_status":"open","sticky":false,"template":"","format":"standard","meta":{"footnotes":""},"categories":[14,18],"tags":[],"class_list":["post-11539","post","type-post","status-publish","format-standard","has-post-thumbnail","hentry","category-polska","category-top-news"],"_links":{"self":[{"href":"https:\/\/radiopoloniawinnipeg.com\/index.php\/wp-json\/wp\/v2\/posts\/11539","targetHints":{"allow":["GET"]}}],"collection":[{"href":"https:\/\/radiopoloniawinnipeg.com\/index.php\/wp-json\/wp\/v2\/posts"}],"about":[{"href":"https:\/\/radiopoloniawinnipeg.com\/index.php\/wp-json\/wp\/v2\/types\/post"}],"author":[{"embeddable":true,"href":"https:\/\/radiopoloniawinnipeg.com\/index.php\/wp-json\/wp\/v2\/users\/3"}],"replies":[{"embeddable":true,"href":"https:\/\/radiopoloniawinnipeg.com\/index.php\/wp-json\/wp\/v2\/comments?post=11539"}],"version-history":[{"count":0,"href":"https:\/\/radiopoloniawinnipeg.com\/index.php\/wp-json\/wp\/v2\/posts\/11539\/revisions"}],"wp:featuredmedia":[{"embeddable":true,"href":"https:\/\/radiopoloniawinnipeg.com\/index.php\/wp-json\/wp\/v2\/media\/11540"}],"wp:attachment":[{"href":"https:\/\/radiopoloniawinnipeg.com\/index.php\/wp-json\/wp\/v2\/media?parent=11539"}],"wp:term":[{"taxonomy":"category","embeddable":true,"href":"https:\/\/radiopoloniawinnipeg.com\/index.php\/wp-json\/wp\/v2\/categories?post=11539"},{"taxonomy":"post_tag","embeddable":true,"href":"https:\/\/radiopoloniawinnipeg.com\/index.php\/wp-json\/wp\/v2\/tags?post=11539"}],"curies":[{"name":"wp","href":"https:\/\/api.w.org\/{rel}","templated":true}]}}