{"id":11541,"date":"2026-09-01T15:15:02","date_gmt":"2026-09-01T19:15:02","guid":{"rendered":"https:\/\/radiopoloniawinnipeg.com\/index.php\/2026\/09\/01\/potrojne-zwyciestwo-liberalow-carney-umacnia-wiekszosc\/"},"modified":"2026-09-01T15:15:02","modified_gmt":"2026-09-01T19:15:02","slug":"potrojne-zwyciestwo-liberalow-carney-umacnia-wiekszosc","status":"publish","type":"post","link":"https:\/\/radiopoloniawinnipeg.com\/index.php\/2026\/09\/01\/potrojne-zwyciestwo-liberalow-carney-umacnia-wiekszosc\/","title":{"rendered":"Potr\u00f3jne zwyci\u0119stwo Libera\u0142\u00f3w. Carney umacnia wi\u0119kszo\u015b\u0107"},"content":{"rendered":"<div id=\"attachment_251372\" style=\"width: 646px\" class=\"wp-caption aligncenter\"><img decoding=\"async\" loading=\"lazy\" aria-describedby=\"caption-attachment-251372\" class=\"size-custom-full-size wp-image-251372\" src=\"https:\/\/bejsment.com\/wp-content\/uploads\/2026\/09\/aaszachnawaz-636x358.jpeg\" alt=\"\" width=\"636\" height=\"358\" \/><\/p>\n<p id=\"caption-attachment-251372\" class=\"wp-caption-text\">Tanveer Shahnawaz rozmawia ze swoimi zwolennikami po zwyci\u0119stwie w wyborach uzupe\u0142niaj\u0105cych w okr\u0119gu Beaches-East York.<\/p>\n<\/div>\n<p><strong>Partia Liberalna wygra\u0142a wszystkie trzy federalne wybory uzupe\u0142niaj\u0105ce przeprowadzone w poniedzia\u0142ek w Quebecu, Ontario i Kolumbii Brytyjskiej. Libera\u0142owie obronili dwa nale\u017c\u0105ce do nich mandaty, a dodatkowo odebrali jeden okr\u0119g konserwatystom.<\/strong><\/p>\n<p>Najwi\u0119ksz\u0105 zmian\u0119 przynios\u0142o g\u0142osowanie w Chicoutimi\u2013Le Fjord w Quebecu. Zwyci\u0119\u017cy\u0142 tam libera\u0142 Daniel Gobeil. Okr\u0119g od 2018 roku reprezentowa\u0142 konserwatysta Richard Martel, kt\u00f3ry zrezygnowa\u0142 z mandatu poselskiego po powo\u0142aniu do Senatu.<\/p>\n<p>W toronto\u0144skim Beaches\u2013East York zwyci\u0119\u017cy\u0142 Tanveer Shahnawaz. Libera\u0142owie utrzymali w ten spos\u00f3b mandat nale\u017c\u0105cy wcze\u015bniej do Nate\u2019a Erskine-Smitha, by\u0142ego ministra w rz\u0105dzie federalnym. Shahnawaz kierowa\u0142 wcze\u015bniej jego biurem poselskim.<\/p>\n<p>Erskine-Smith zrezygnowa\u0142 z polityki federalnej i wystartuje w wyborach samorz\u0105dowych w Toronto zaplanowanych na 26 pa\u017adziernika.<\/p>\n<p>Trzecie zwyci\u0119stwo Libera\u0142owie odnie\u015bli w North Vancouver\u2013Capilano w Kolumbii Brytyjskiej. Nowym pos\u0142em zosta\u0142 wieloletni dzia\u0142acz i pracownik polityczny partii Braeden Caley. Zast\u0105pi Jonathana Wilkinsona, by\u0142ego ministra w rz\u0105dzie Justina Trudeau, kt\u00f3ry zosta\u0142 ambasadorem Kanady przy Unii Europejskiej.<\/p>\n<p>Wybory mia\u0142y znaczenie dla uk\u0142adu si\u0142 w Izbie Gmin. Przed g\u0142osowaniem Libera\u0142owie dysponowali 170 mandatami i do utrzymania wi\u0119kszo\u015bci potrzebowali zwyci\u0119stwa przynajmniej w jednym z trzech okr\u0119g\u00f3w.<\/p>\n<p>Wygrana we wszystkich trzech oznacza, \u017ce rz\u0105d premiera Marka Carneya nie tylko zachowa\u0142 wi\u0119kszo\u015b\u0107, ale zwi\u0119kszy\u0142 stan posiadania o jeden mandat.<\/p>\n","protected":false},"excerpt":{"rendered":"<p>Tanveer Shahnawaz rozmawia ze swoimi zwolennikami po zwyci\u0119stwie w wyborach uzupe\u0142niaj\u0105cych w okr\u0119gu Beaches-East York. Partia Liberalna wygra\u0142a wszystkie trzy federalne wybory uzupe\u0142niaj\u0105ce przeprowadzone w&hellip;<\/p>\n","protected":false},"author":3,"featured_media":11542,"comment_status":"open","ping_status":"open","sticky":false,"template":"","format":"standard","meta":{"footnotes":""},"categories":[12,18],"tags":[],"class_list":["post-11541","post","type-post","status-publish","format-standard","has-post-thumbnail","hentry","category-kanada","category-top-news"],"_links":{"self":[{"href":"https:\/\/radiopoloniawinnipeg.com\/index.php\/wp-json\/wp\/v2\/posts\/11541","targetHints":{"allow":["GET"]}}],"collection":[{"href":"https:\/\/radiopoloniawinnipeg.com\/index.php\/wp-json\/wp\/v2\/posts"}],"about":[{"href":"https:\/\/radiopoloniawinnipeg.com\/index.php\/wp-json\/wp\/v2\/types\/post"}],"author":[{"embeddable":true,"href":"https:\/\/radiopoloniawinnipeg.com\/index.php\/wp-json\/wp\/v2\/users\/3"}],"replies":[{"embeddable":true,"href":"https:\/\/radiopoloniawinnipeg.com\/index.php\/wp-json\/wp\/v2\/comments?post=11541"}],"version-history":[{"count":0,"href":"https:\/\/radiopoloniawinnipeg.com\/index.php\/wp-json\/wp\/v2\/posts\/11541\/revisions"}],"wp:featuredmedia":[{"embeddable":true,"href":"https:\/\/radiopoloniawinnipeg.com\/index.php\/wp-json\/wp\/v2\/media\/11542"}],"wp:attachment":[{"href":"https:\/\/radiopoloniawinnipeg.com\/index.php\/wp-json\/wp\/v2\/media?parent=11541"}],"wp:term":[{"taxonomy":"category","embeddable":true,"href":"https:\/\/radiopoloniawinnipeg.com\/index.php\/wp-json\/wp\/v2\/categories?post=11541"},{"taxonomy":"post_tag","embeddable":true,"href":"https:\/\/radiopoloniawinnipeg.com\/index.php\/wp-json\/wp\/v2\/tags?post=11541"}],"curies":[{"name":"wp","href":"https:\/\/api.w.org\/{rel}","templated":true}]}}