{"id":11547,"date":"2026-09-01T17:15:05","date_gmt":"2026-09-01T21:15:05","guid":{"rendered":"https:\/\/radiopoloniawinnipeg.com\/index.php\/2026\/09\/01\/nik-o-powodzi-bledy-na-kazdym-szczeblu\/"},"modified":"2026-09-01T17:15:05","modified_gmt":"2026-09-01T21:15:05","slug":"nik-o-powodzi-bledy-na-kazdym-szczeblu","status":"publish","type":"post","link":"https:\/\/radiopoloniawinnipeg.com\/index.php\/2026\/09\/01\/nik-o-powodzi-bledy-na-kazdym-szczeblu\/","title":{"rendered":"NIK o powodzi: b\u0142\u0119dy na ka\u017cdym szczeblu"},"content":{"rendered":"<div id=\"attachment_251384\" style=\"width: 646px\" class=\"wp-caption aligncenter\"><img decoding=\"async\" loading=\"lazy\" aria-describedby=\"caption-attachment-251384\" class=\"size-custom-full-size wp-image-251384\" src=\"https:\/\/bejsment.com\/wp-content\/uploads\/2026\/09\/aatuskpowodz-636x400.jpg\" alt=\"\" width=\"636\" height=\"400\" \/><\/p>\n<p id=\"caption-attachment-251384\" class=\"wp-caption-text\">Premier Donald Tusk podczas wizyty w dotkni\u0119tym powodzi\u0105 K\u0142odzku<\/p>\n<\/div>\n<p><strong>Najwy\u017csza Izba Kontroli krytycznie oceni\u0142a dzia\u0142ania rz\u0105du podczas powodzi, kt\u00f3ra we wrze\u015bniu 2024 roku dotkn\u0119\u0142a Dolny \u015al\u0105sk i Opolszczyzn\u0119. Nieprawid\u0142owo\u015bci wykryto na ka\u017cdym szczeblu zarz\u0105dzania kryzysowego \u2013 od centralnego po gminny.<\/strong><\/p>\n<p>Zastrze\u017cenia dotycz\u0105 m.in. Rz\u0105dowego Centrum Bezpiecze\u0144stwa. Mi\u0119dzy 11 a 15 wrze\u015bnia RCB wysy\u0142a\u0142o alerty tej samej tre\u015bci mieszka\u0144com 11 wojew\u00f3dztw, nie uwzgl\u0119dniaj\u0105c r\u00f3\u017cnic w skali zagro\u017cenia i szybko pogarszaj\u0105cej si\u0119 sytuacji w powiatach k\u0142odzkim i nyskim.<\/p>\n<p>NIK ustali\u0142a r\u00f3wnie\u017c, \u017ce mieszka\u0144cy nie byli odpowiednio ostrzegani o niebezpiecze\u0144stwie. Do RCB nie przekazano m.in. informacji o przerwaniu zapory w Stroniu \u015al\u0105skim. W Nysie brakowa\u0142o aktualnego powiatowego planu zarz\u0105dzania kryzysowego, a w K\u0142odzku nie zapewniono w\u0142a\u015bciwego wyposa\u017cenia magazynu przeciwpowodziowego.<\/p>\n<p>Kontrola wykaza\u0142a tak\u017ce problemy z \u0142\u0105czno\u015bci\u0105 i systemami monitorowania zagro\u017ce\u0144. Jednocze\u015bnie NIK pozytywnie oceni\u0142a cz\u0119\u015b\u0107 dzia\u0142a\u0144 podejmowanych w wojew\u00f3dztwie opolskim oraz pomoc finansow\u0105 udzielan\u0105 poszkodowanym.<\/p>\n<p>Pos\u0142anka Lewicy Anna \u017bukowska ostrzeg\u0142a, \u017ce s\u0142abo\u015b\u0107 systemu zarz\u0105dzania kryzysowego mo\u017ce zosta\u0107 wykorzystana podczas ataku hybrydowego. Jej zdaniem Polska powinna wi\u0119cej inwestowa\u0107 w przygotowanie samorz\u0105d\u00f3w na sytuacje kryzysowe.<\/p>\n","protected":false},"excerpt":{"rendered":"<p>Premier Donald Tusk podczas wizyty w dotkni\u0119tym powodzi\u0105 K\u0142odzku Najwy\u017csza Izba Kontroli krytycznie oceni\u0142a dzia\u0142ania rz\u0105du podczas powodzi, kt\u00f3ra we wrze\u015bniu 2024 roku dotkn\u0119\u0142a Dolny&hellip;<\/p>\n","protected":false},"author":3,"featured_media":11548,"comment_status":"open","ping_status":"open","sticky":false,"template":"","format":"standard","meta":{"footnotes":""},"categories":[14,18],"tags":[],"class_list":["post-11547","post","type-post","status-publish","format-standard","has-post-thumbnail","hentry","category-polska","category-top-news"],"_links":{"self":[{"href":"https:\/\/radiopoloniawinnipeg.com\/index.php\/wp-json\/wp\/v2\/posts\/11547","targetHints":{"allow":["GET"]}}],"collection":[{"href":"https:\/\/radiopoloniawinnipeg.com\/index.php\/wp-json\/wp\/v2\/posts"}],"about":[{"href":"https:\/\/radiopoloniawinnipeg.com\/index.php\/wp-json\/wp\/v2\/types\/post"}],"author":[{"embeddable":true,"href":"https:\/\/radiopoloniawinnipeg.com\/index.php\/wp-json\/wp\/v2\/users\/3"}],"replies":[{"embeddable":true,"href":"https:\/\/radiopoloniawinnipeg.com\/index.php\/wp-json\/wp\/v2\/comments?post=11547"}],"version-history":[{"count":0,"href":"https:\/\/radiopoloniawinnipeg.com\/index.php\/wp-json\/wp\/v2\/posts\/11547\/revisions"}],"wp:featuredmedia":[{"embeddable":true,"href":"https:\/\/radiopoloniawinnipeg.com\/index.php\/wp-json\/wp\/v2\/media\/11548"}],"wp:attachment":[{"href":"https:\/\/radiopoloniawinnipeg.com\/index.php\/wp-json\/wp\/v2\/media?parent=11547"}],"wp:term":[{"taxonomy":"category","embeddable":true,"href":"https:\/\/radiopoloniawinnipeg.com\/index.php\/wp-json\/wp\/v2\/categories?post=11547"},{"taxonomy":"post_tag","embeddable":true,"href":"https:\/\/radiopoloniawinnipeg.com\/index.php\/wp-json\/wp\/v2\/tags?post=11547"}],"curies":[{"name":"wp","href":"https:\/\/api.w.org\/{rel}","templated":true}]}}