{"id":11549,"date":"2026-09-01T18:15:05","date_gmt":"2026-09-01T22:15:05","guid":{"rendered":"https:\/\/radiopoloniawinnipeg.com\/index.php\/2026\/09\/01\/23-napasci-seksualne-w-ceucie\/"},"modified":"2026-09-01T18:15:05","modified_gmt":"2026-09-01T22:15:05","slug":"23-napasci-seksualne-w-ceucie","status":"publish","type":"post","link":"https:\/\/radiopoloniawinnipeg.com\/index.php\/2026\/09\/01\/23-napasci-seksualne-w-ceucie\/","title":{"rendered":"23 napa\u015bci seksualne w Ceucie"},"content":{"rendered":"<div id=\"attachment_251380\" style=\"width: 646px\" class=\"wp-caption aligncenter\"><img decoding=\"async\" loading=\"lazy\" aria-describedby=\"caption-attachment-251380\" class=\"wp-image-251380 size-custom-full-size\" src=\"https:\/\/bejsment.com\/wp-content\/uploads\/2026\/09\/aaceutamigranci-636x423.jpg\" alt=\"\" width=\"636\" height=\"423\" \/><\/p>\n<p id=\"caption-attachment-251380\" class=\"wp-caption-text\">Cz\u0119\u015b\u0107 migrant\u00f3w nadal przebywa w Ceucie<\/p>\n<\/div>\n<p><strong>Hiszpa\u0144ska prokuratura odnotowa\u0142a 23 przypadki przemocy seksualnej w Ceucie od pocz\u0105tku kryzysu migracyjnego. Dziewi\u0119cioro poszkodowanych to osoby nieletnie w wieku od 14 do 17 lat. Pi\u0119\u0107 przypadk\u00f3w zakwalifikowano jako gwa\u0142ty.<\/strong><\/p>\n<p>\u015aledczy zidentyfikowali dot\u0105d o\u015bmiu podejrzanych: czterech obywateli Maroka, trzech Hiszpan\u00f3w i Belga. Pozostali sprawcy nie zostali jeszcze ustaleni.<\/p>\n<p>Do gwa\u0142townego wzrostu liczby migrant\u00f3w w hiszpa\u0144skiej eksklawie dosz\u0142o 30 i 31 lipca. W ci\u0105gu dw\u00f3ch dni granic\u0119 z Marokiem przekroczy\u0142o oko\u0142o 70\u201380 tys. os\u00f3b. Wi\u0119kszo\u015b\u0107 p\u00f3\u017aniej wr\u00f3ci\u0142a do Maroka lub zosta\u0142a wydalona, jednak kilka tysi\u0119cy migrant\u00f3w nadal pozostaje w Ceucie.<\/p>\n<p>Masowy nap\u0142yw ludzi doprowadzi\u0142 do przeci\u0105\u017cenia miejscowego systemu pomocy i powstania prowizorycznych obozowisk. Szczeg\u00f3lnie trudna jest sytuacja kobiet i nieletnich.<\/p>\n<p>Prokuratura przyznaje, \u017ce wzrost liczby przest\u0119pstw seksualnych budzi powa\u017cne zaniepokojenie. Dochodzenia w poszczeg\u00f3lnych sprawach s\u0105 kontynuowane.<\/p>\n","protected":false},"excerpt":{"rendered":"<p>Cz\u0119\u015b\u0107 migrant\u00f3w nadal przebywa w Ceucie Hiszpa\u0144ska prokuratura odnotowa\u0142a 23 przypadki przemocy seksualnej w Ceucie od pocz\u0105tku kryzysu migracyjnego. Dziewi\u0119cioro poszkodowanych to osoby nieletnie w&hellip;<\/p>\n","protected":false},"author":3,"featured_media":11550,"comment_status":"open","ping_status":"open","sticky":false,"template":"","format":"standard","meta":{"footnotes":""},"categories":[15,18],"tags":[],"class_list":["post-11549","post","type-post","status-publish","format-standard","has-post-thumbnail","hentry","category-swiat","category-top-news"],"_links":{"self":[{"href":"https:\/\/radiopoloniawinnipeg.com\/index.php\/wp-json\/wp\/v2\/posts\/11549","targetHints":{"allow":["GET"]}}],"collection":[{"href":"https:\/\/radiopoloniawinnipeg.com\/index.php\/wp-json\/wp\/v2\/posts"}],"about":[{"href":"https:\/\/radiopoloniawinnipeg.com\/index.php\/wp-json\/wp\/v2\/types\/post"}],"author":[{"embeddable":true,"href":"https:\/\/radiopoloniawinnipeg.com\/index.php\/wp-json\/wp\/v2\/users\/3"}],"replies":[{"embeddable":true,"href":"https:\/\/radiopoloniawinnipeg.com\/index.php\/wp-json\/wp\/v2\/comments?post=11549"}],"version-history":[{"count":0,"href":"https:\/\/radiopoloniawinnipeg.com\/index.php\/wp-json\/wp\/v2\/posts\/11549\/revisions"}],"wp:featuredmedia":[{"embeddable":true,"href":"https:\/\/radiopoloniawinnipeg.com\/index.php\/wp-json\/wp\/v2\/media\/11550"}],"wp:attachment":[{"href":"https:\/\/radiopoloniawinnipeg.com\/index.php\/wp-json\/wp\/v2\/media?parent=11549"}],"wp:term":[{"taxonomy":"category","embeddable":true,"href":"https:\/\/radiopoloniawinnipeg.com\/index.php\/wp-json\/wp\/v2\/categories?post=11549"},{"taxonomy":"post_tag","embeddable":true,"href":"https:\/\/radiopoloniawinnipeg.com\/index.php\/wp-json\/wp\/v2\/tags?post=11549"}],"curies":[{"name":"wp","href":"https:\/\/api.w.org\/{rel}","templated":true}]}}