{"id":11553,"date":"2026-09-02T10:15:06","date_gmt":"2026-09-02T14:15:06","guid":{"rendered":"https:\/\/radiopoloniawinnipeg.com\/index.php\/2026\/09\/02\/komendant-stracil-stanowisko-po-awanturze\/"},"modified":"2026-09-02T10:15:06","modified_gmt":"2026-09-02T14:15:06","slug":"komendant-stracil-stanowisko-po-awanturze","status":"publish","type":"post","link":"https:\/\/radiopoloniawinnipeg.com\/index.php\/2026\/09\/02\/komendant-stracil-stanowisko-po-awanturze\/","title":{"rendered":"Komendant straci\u0142 stanowisko po awanturze"},"content":{"rendered":"<p><img decoding=\"async\" loading=\"lazy\" class=\"aligncenter size-custom-full-size wp-image-251414\" src=\"https:\/\/bejsment.com\/wp-content\/uploads\/2026\/09\/aapolpol4-636x423.jpg\" alt=\"\" width=\"636\" height=\"423\" \/><\/p>\n<p><strong>Komendant miejski policji w Jeleniej G\u00f3rze zosta\u0142 odwo\u0142any ze stanowiska i zawieszony w czynno\u015bciach s\u0142u\u017cbowych po awanturze na stacji paliw w Wa\u0142brzychu. Nagranie zdarzenia trafi\u0142o do internetu.<\/strong><\/p>\n<p>Do incydentu dosz\u0142o 31 sierpnia. Na stacji paliw mi\u0119dzy kierowcami czekaj\u0105cymi w kolejce wywi\u0105za\u0142 si\u0119 konflikt, kt\u00f3ry przerodzi\u0142 si\u0119 w szarpanin\u0119. W zdarzeniu uczestniczyli r\u00f3wnie\u017c policjanci b\u0119d\u0105cy poza s\u0142u\u017cb\u0105.<\/p>\n<p>Po pojawieniu si\u0119 nagrania w sieci Komenda Wojew\u00f3dzka Policji we Wroc\u0142awiu rozpocz\u0119\u0142a wewn\u0119trzne post\u0119powanie. Ustalono, \u017ce w zaj\u015bciu bra\u0142o udzia\u0142 trzech funkcjonariuszy, w tym komendant miejski policji w Jeleniej G\u00f3rze.<\/p>\n<p>Komendant wojew\u00f3dzki zdecydowa\u0142 o odwo\u0142aniu go ze stanowiska, przeniesieniu do dyspozycji Komendy Wojew\u00f3dzkiej Policji we Wroc\u0142awiu oraz zawieszeniu w czynno\u015bciach s\u0142u\u017cbowych.<\/p>\n<p>Policyjne kom\u00f3rki kontrolne maj\u0105 szczeg\u00f3\u0142owo odtworzy\u0107 przebieg wydarze\u0144 i ustali\u0107, czy funkcjonariusze naruszyli prawo. Sprawa jest r\u00f3wnie\u017c analizowana pod k\u0105tem odpowiedzialno\u015bci karnej.<\/p>\n<p>Niezale\u017cne post\u0119powanie prowadzi Prokuratura Rejonowa w Wa\u0142brzychu. Ma ono wyja\u015bni\u0107 dok\u0142adny przebieg awantury i rol\u0119 poszczeg\u00f3lnych uczestnik\u00f3w.<\/p>\n<p>Policja podkre\u015bla, \u017ce film opublikowany w internecie przedstawia jedynie fragment ca\u0142ego zdarzenia. Dopiero prowadzone post\u0119powania maj\u0105 pozwoli\u0107 na ustalenie pe\u0142nego przebiegu incydentu.<\/p>\n","protected":false},"excerpt":{"rendered":"<p>Komendant miejski policji w Jeleniej G\u00f3rze zosta\u0142 odwo\u0142any ze stanowiska i zawieszony w czynno\u015bciach s\u0142u\u017cbowych po awanturze na stacji paliw w Wa\u0142brzychu. Nagranie zdarzenia trafi\u0142o&hellip;<\/p>\n","protected":false},"author":3,"featured_media":11554,"comment_status":"open","ping_status":"open","sticky":false,"template":"","format":"standard","meta":{"footnotes":""},"categories":[14,18],"tags":[],"class_list":["post-11553","post","type-post","status-publish","format-standard","has-post-thumbnail","hentry","category-polska","category-top-news"],"_links":{"self":[{"href":"https:\/\/radiopoloniawinnipeg.com\/index.php\/wp-json\/wp\/v2\/posts\/11553","targetHints":{"allow":["GET"]}}],"collection":[{"href":"https:\/\/radiopoloniawinnipeg.com\/index.php\/wp-json\/wp\/v2\/posts"}],"about":[{"href":"https:\/\/radiopoloniawinnipeg.com\/index.php\/wp-json\/wp\/v2\/types\/post"}],"author":[{"embeddable":true,"href":"https:\/\/radiopoloniawinnipeg.com\/index.php\/wp-json\/wp\/v2\/users\/3"}],"replies":[{"embeddable":true,"href":"https:\/\/radiopoloniawinnipeg.com\/index.php\/wp-json\/wp\/v2\/comments?post=11553"}],"version-history":[{"count":0,"href":"https:\/\/radiopoloniawinnipeg.com\/index.php\/wp-json\/wp\/v2\/posts\/11553\/revisions"}],"wp:featuredmedia":[{"embeddable":true,"href":"https:\/\/radiopoloniawinnipeg.com\/index.php\/wp-json\/wp\/v2\/media\/11554"}],"wp:attachment":[{"href":"https:\/\/radiopoloniawinnipeg.com\/index.php\/wp-json\/wp\/v2\/media?parent=11553"}],"wp:term":[{"taxonomy":"category","embeddable":true,"href":"https:\/\/radiopoloniawinnipeg.com\/index.php\/wp-json\/wp\/v2\/categories?post=11553"},{"taxonomy":"post_tag","embeddable":true,"href":"https:\/\/radiopoloniawinnipeg.com\/index.php\/wp-json\/wp\/v2\/tags?post=11553"}],"curies":[{"name":"wp","href":"https:\/\/api.w.org\/{rel}","templated":true}]}}