{"id":11557,"date":"2026-09-02T14:15:05","date_gmt":"2026-09-02T18:15:05","guid":{"rendered":"https:\/\/radiopoloniawinnipeg.com\/index.php\/2026\/09\/02\/25-lat-wiezienia-za-cztery-lata-tortur\/"},"modified":"2026-09-02T14:15:05","modified_gmt":"2026-09-02T18:15:05","slug":"25-lat-wiezienia-za-cztery-lata-tortur","status":"publish","type":"post","link":"https:\/\/radiopoloniawinnipeg.com\/index.php\/2026\/09\/02\/25-lat-wiezienia-za-cztery-lata-tortur\/","title":{"rendered":"25 lat wi\u0119zienia za cztery lata tortur"},"content":{"rendered":"<p><img decoding=\"async\" loading=\"lazy\" class=\"aligncenter size-custom-full-size wp-image-251432\" src=\"https:\/\/bejsment.com\/wp-content\/uploads\/2026\/09\/aaaresztowany-636x381.jpg\" alt=\"\" width=\"636\" height=\"381\" \/><\/p>\n<p><strong>S\u0105d Apelacyjny we Wroc\u0142awiu skaza\u0142 Mateusza J. na 25 lat wi\u0119zienia za przetrzymywanie przez cztery lata kobiety w pomieszczeniu gospodarczym, wielokrotne gwa\u0142ty oraz szczeg\u00f3lnie brutalne zn\u0119canie si\u0119 nad ni\u0105. S\u0105d z\u0142agodzi\u0142 tym samym wyrok do\u017cywocia orzeczony w pierwszej instancji.<\/strong><\/p>\n<p>Do przest\u0119pstw dochodzi\u0142o od lipca 2020 roku do sierpnia 2024 roku w Gaikach ko\u0142o G\u0142ogowa. Kobieta by\u0142a przetrzymywana w zamykanym od zewn\u0105trz pomieszczeniu bez okna, ogrzewania, bie\u017c\u0105cej wody i toalety.<\/p>\n<p>Wed\u0142ug ustale\u0144 \u015bledczych Mateusz J. bi\u0142 j\u0105 pi\u0119\u015bciami oraz r\u00f3\u017cnymi przedmiotami, poni\u017ca\u0142, kontrolowa\u0142 i wielokrotnie gwa\u0142ci\u0142.<\/p>\n<p>Dramat kobiety wyszed\u0142 na jaw w sierpniu 2024 roku, gdy trafi\u0142a do szpitala w G\u0142ogowie. Jej obra\u017cenia zaniepokoi\u0142y personel, a kobieta opowiedzia\u0142a o tym, czego do\u015bwiadcza\u0142a.<\/p>\n<p>Mateusz J. nie przyznawa\u0142 si\u0119 do zarzucanych mu czyn\u00f3w. Twierdzi\u0142, \u017ce wszystko odbywa\u0142o si\u0119 za zgod\u0105 pokrzywdzonej.<\/p>\n<p>W lutym S\u0105d Okr\u0119gowy w Legnicy skaza\u0142 go na do\u017cywocie. Po apelacji obrony s\u0105d drugiej instancji zmieni\u0142 kar\u0119 na 25 lat pozbawienia wolno\u015bci. Skazany b\u0119dzie m\u00f3g\u0142 ubiega\u0107 si\u0119 o warunkowe przedterminowe zwolnienie najwcze\u015bniej po 20 latach.<\/p>\n<p>Kar\u0119 ma odbywa\u0107 w systemie terapeutycznym. Biegli nie stwierdzili u niego choroby psychicznej, wskazali natomiast na zaburzenia osobowo\u015bci i preferencji seksualnych.<\/p>\n<p>Wyrok jest prawomocny i wykonalny. Mo\u017cliwe jest jeszcze wniesienie skargi kasacyjnej.<\/p>\n","protected":false},"excerpt":{"rendered":"<p>S\u0105d Apelacyjny we Wroc\u0142awiu skaza\u0142 Mateusza J. na 25 lat wi\u0119zienia za przetrzymywanie przez cztery lata kobiety w pomieszczeniu gospodarczym, wielokrotne gwa\u0142ty oraz szczeg\u00f3lnie brutalne&hellip;<\/p>\n","protected":false},"author":3,"featured_media":11558,"comment_status":"open","ping_status":"open","sticky":false,"template":"","format":"standard","meta":{"footnotes":""},"categories":[14,18],"tags":[],"class_list":["post-11557","post","type-post","status-publish","format-standard","has-post-thumbnail","hentry","category-polska","category-top-news"],"_links":{"self":[{"href":"https:\/\/radiopoloniawinnipeg.com\/index.php\/wp-json\/wp\/v2\/posts\/11557","targetHints":{"allow":["GET"]}}],"collection":[{"href":"https:\/\/radiopoloniawinnipeg.com\/index.php\/wp-json\/wp\/v2\/posts"}],"about":[{"href":"https:\/\/radiopoloniawinnipeg.com\/index.php\/wp-json\/wp\/v2\/types\/post"}],"author":[{"embeddable":true,"href":"https:\/\/radiopoloniawinnipeg.com\/index.php\/wp-json\/wp\/v2\/users\/3"}],"replies":[{"embeddable":true,"href":"https:\/\/radiopoloniawinnipeg.com\/index.php\/wp-json\/wp\/v2\/comments?post=11557"}],"version-history":[{"count":0,"href":"https:\/\/radiopoloniawinnipeg.com\/index.php\/wp-json\/wp\/v2\/posts\/11557\/revisions"}],"wp:featuredmedia":[{"embeddable":true,"href":"https:\/\/radiopoloniawinnipeg.com\/index.php\/wp-json\/wp\/v2\/media\/11558"}],"wp:attachment":[{"href":"https:\/\/radiopoloniawinnipeg.com\/index.php\/wp-json\/wp\/v2\/media?parent=11557"}],"wp:term":[{"taxonomy":"category","embeddable":true,"href":"https:\/\/radiopoloniawinnipeg.com\/index.php\/wp-json\/wp\/v2\/categories?post=11557"},{"taxonomy":"post_tag","embeddable":true,"href":"https:\/\/radiopoloniawinnipeg.com\/index.php\/wp-json\/wp\/v2\/tags?post=11557"}],"curies":[{"name":"wp","href":"https:\/\/api.w.org\/{rel}","templated":true}]}}