{"id":11563,"date":"2026-09-02T17:30:03","date_gmt":"2026-09-02T21:30:03","guid":{"rendered":"https:\/\/radiopoloniawinnipeg.com\/index.php\/2026\/09\/02\/carney-amerykanie-musza-zaczac-nas-szanowac\/"},"modified":"2026-09-02T17:30:03","modified_gmt":"2026-09-02T21:30:03","slug":"carney-amerykanie-musza-zaczac-nas-szanowac","status":"publish","type":"post","link":"https:\/\/radiopoloniawinnipeg.com\/index.php\/2026\/09\/02\/carney-amerykanie-musza-zaczac-nas-szanowac\/","title":{"rendered":"Carney: Amerykanie musz\u0105 zacz\u0105\u0107 nas szanowa\u0107"},"content":{"rendered":"<div id=\"attachment_251456\" style=\"width: 646px\" class=\"wp-caption aligncenter\"><img decoding=\"async\" loading=\"lazy\" aria-describedby=\"caption-attachment-251456\" class=\"size-custom-full-size wp-image-251456\" src=\"https:\/\/bejsment.com\/wp-content\/uploads\/2026\/09\/aacarneytrump3-636x424.jpg\" alt=\"\" width=\"636\" height=\"424\" \/><\/p>\n<p id=\"caption-attachment-251456\" class=\"wp-caption-text\">Mark Carney i Donald Trump<\/p>\n<\/div>\n<p><strong>Premier Mark Carney nadal wierzy w mo\u017cliwo\u015b\u0107 zawarcia korzystnej dla obu stron umowy handlowej ze Stanami Zjednoczonymi. Stawia jednak warunek: administracja Donalda Trumpa musi zacz\u0105\u0107 traktowa\u0107 Kanad\u0119 powa\u017cnie.<\/strong><\/p>\n<p>\u2013 Kiedy Amerykanie przestan\u0105 robi\u0107 memy, rzuca\u0107 uszczypliwo\u015bciami i pr\u00f3bowa\u0107 udawa\u0107 twardzieli, a zaczn\u0105 powa\u017cnie rozmawia\u0107 o handlu, mo\u017cemy wr\u00f3ci\u0107 do negocjacji \u2013 powiedzia\u0142 Carney we wtorek w Ottawie.<\/p>\n<p>Premier odni\u00f3s\u0142 si\u0119 w ten spos\u00f3b do kolejnych atak\u00f3w przedstawicieli administracji USA na Kanad\u0119. Donald Trump po zerwaniu negocjacji ponownie zaostrzy\u0142 retoryk\u0119, a ostatnio nakaza\u0142 ameryka\u0144skiej administracji nazywa\u0107 jezioro Ontario \u201eLake America\u201d.<\/p>\n<p>Dodatkowe oburzenie wywo\u0142a\u0142 sekretarz obrony Pete Hegseth, kt\u00f3ry udost\u0119pni\u0142 w mediach spo\u0142eczno\u015bciowych wpis kpi\u0105cy z uczestniczek kanadyjskiego programu kadet\u00f3w w Kolumbii Brytyjskiej. Carney oceni\u0142, \u017ce takie zachowanie jest niegodne zajmowanego stanowiska.<\/p>\n<p>Jednocze\u015bnie premier odrzuci\u0142 sugestie, \u017ce do zerwania rozm\u00f3w handlowych przyczyni\u0142 si\u0119 Doug Ford, kt\u00f3ry wcze\u015bniej nazwa\u0142 Trumpa \u201eprzegranym\u201d. Carney podkre\u015bli\u0142, \u017ce rz\u0105d konsultuje si\u0119 z premierami prowincji i innymi zainteresowanymi stronami, ale za decyzje dotycz\u0105ce polityki handlowej odpowiada rz\u0105d federalny.<\/p>\n<p>Premier broni\u0142 r\u00f3wnie\u017c decyzji o odej\u015bciu od sto\u0142u negocjacyjnego. Wed\u0142ug niego warunki proponowane przez Amerykan\u00f3w zagra\u017ca\u0142y przysz\u0142o\u015bci kluczowych sektor\u00f3w kanadyjskiej gospodarki.<\/p>\n<p>\u2013 Mia\u0142yby one sprawi\u0107, \u017ce nasze podstawowe ga\u0142\u0119zie przemys\u0142u sta\u0142yby si\u0119 w praktyce filiami przemys\u0142u ameryka\u0144skiego albo zosta\u0142yby stopniowo zlikwidowane w Kanadzie. Oczywi\u015bcie takich warunk\u00f3w nie zaakceptujemy \u2013 powiedzia\u0142.<\/p>\n<p>Carney zaznaczy\u0142 jednak, \u017ce przed za\u0142amaniem negocjacji obie strony zbli\u017ca\u0142y si\u0119 w niekt\u00f3rych kwestiach do porozumienia. Jego zdaniem nadal istnieje mo\u017cliwo\u015b\u0107 zawarcia umowy korzystnej zar\u00f3wno dla Kanady, jak i Stan\u00f3w Zjednoczonych.<\/p>\n<p>Kanada odpowiedzia\u0142a na ameryka\u0144skie c\u0142a w\u0142asnymi taryfami na towary z USA o warto\u015bci blisko 28 mld dolar\u00f3w. Maj\u0105 one wej\u015b\u0107 w \u017cycie 8 wrze\u015bnia.<\/p>\n","protected":false},"excerpt":{"rendered":"<p>Mark Carney i Donald Trump Premier Mark Carney nadal wierzy w mo\u017cliwo\u015b\u0107 zawarcia korzystnej dla obu stron umowy handlowej ze Stanami Zjednoczonymi. Stawia jednak warunek:&hellip;<\/p>\n","protected":false},"author":3,"featured_media":11564,"comment_status":"open","ping_status":"open","sticky":false,"template":"","format":"standard","meta":{"footnotes":""},"categories":[12,18],"tags":[],"class_list":["post-11563","post","type-post","status-publish","format-standard","has-post-thumbnail","hentry","category-kanada","category-top-news"],"_links":{"self":[{"href":"https:\/\/radiopoloniawinnipeg.com\/index.php\/wp-json\/wp\/v2\/posts\/11563","targetHints":{"allow":["GET"]}}],"collection":[{"href":"https:\/\/radiopoloniawinnipeg.com\/index.php\/wp-json\/wp\/v2\/posts"}],"about":[{"href":"https:\/\/radiopoloniawinnipeg.com\/index.php\/wp-json\/wp\/v2\/types\/post"}],"author":[{"embeddable":true,"href":"https:\/\/radiopoloniawinnipeg.com\/index.php\/wp-json\/wp\/v2\/users\/3"}],"replies":[{"embeddable":true,"href":"https:\/\/radiopoloniawinnipeg.com\/index.php\/wp-json\/wp\/v2\/comments?post=11563"}],"version-history":[{"count":0,"href":"https:\/\/radiopoloniawinnipeg.com\/index.php\/wp-json\/wp\/v2\/posts\/11563\/revisions"}],"wp:featuredmedia":[{"embeddable":true,"href":"https:\/\/radiopoloniawinnipeg.com\/index.php\/wp-json\/wp\/v2\/media\/11564"}],"wp:attachment":[{"href":"https:\/\/radiopoloniawinnipeg.com\/index.php\/wp-json\/wp\/v2\/media?parent=11563"}],"wp:term":[{"taxonomy":"category","embeddable":true,"href":"https:\/\/radiopoloniawinnipeg.com\/index.php\/wp-json\/wp\/v2\/categories?post=11563"},{"taxonomy":"post_tag","embeddable":true,"href":"https:\/\/radiopoloniawinnipeg.com\/index.php\/wp-json\/wp\/v2\/tags?post=11563"}],"curies":[{"name":"wp","href":"https:\/\/api.w.org\/{rel}","templated":true}]}}