{"id":11567,"date":"2026-09-02T20:45:04","date_gmt":"2026-09-03T00:45:04","guid":{"rendered":"https:\/\/radiopoloniawinnipeg.com\/index.php\/2026\/09\/02\/republikanie-popieraja-trumpa-w-jego-wojnie-handlowej-z-kanada\/"},"modified":"2026-09-02T20:45:04","modified_gmt":"2026-09-03T00:45:04","slug":"republikanie-popieraja-trumpa-w-jego-wojnie-handlowej-z-kanada","status":"publish","type":"post","link":"https:\/\/radiopoloniawinnipeg.com\/index.php\/2026\/09\/02\/republikanie-popieraja-trumpa-w-jego-wojnie-handlowej-z-kanada\/","title":{"rendered":"Republikanie popieraj\u0105 Trumpa w jego wojnie handlowej z Kanad\u0105"},"content":{"rendered":"<div align=\"left\">\n<p dir=\"ltr\"><b>Po spotkaniu z przedstawicielem handlowym USA na Kapitolu ustawodawcy Partii Republika\u0144skiej broni\u0105 taktyki prezydenta<\/b>.<\/p>\n<\/div>\n<div align=\"left\">\n<p dir=\"ltr\">Republika\u0144scy cz\u0142onkowie Kongresu publicznie popieraj\u0105 prezydenta USA Donalda Trumpa w jego wojnie handlowej z Kanad\u0105 i obwiniaj\u0105 rz\u0105d premiera Marka Carneya za wycofanie si\u0119 z negocjacji.<\/p>\n<\/div>\n<div align=\"left\">\n<p dir=\"ltr\">Dziesi\u0105tki cz\u0142onk\u00f3w Izby Reprezentant\u00f3w Partii Republika\u0144skiej zebra\u0142o si\u0119 w \u015brod\u0119 na Kapitolu na zamkni\u0119tym spotkaniu z przedstawicielem Trumpa ds. ce\u0142 i handlu Jamiesonem Greerem.<\/p>\n<\/div>\n<div align=\"left\">\n<p dir=\"ltr\">Osoby, kt\u00f3re rozmawia\u0142y z CBC News po spotkaniu z Greer, generalnie wyrazi\u0142y poparcie dla strategii handlowej prezydenta.<\/p>\n<\/div>\n<div align=\"left\">\n<p dir=\"ltr\">August Pfluger, pose\u0142 Partii Republika\u0144skiej z Teksasu, pochwali\u0142 Trumpa za przywr\u00f3cenie miejsc pracy w przemy\u015ble wytw\u00f3rczym w USA i zrzuci\u0142 win\u0119 za wojn\u0119 handlow\u0105 na Ottaw\u0119.<\/p>\n<\/div>\n<div align=\"left\">\n<p dir=\"ltr\">\u201eTo wojna, kt\u00f3r\u0105 Kanada podtrzymuje\u201d \u2013 powiedzia\u0142 Pfluger w wywiadzie dla CBC News. \u201eKanadyjczycy musz\u0105 zachowa\u0107 rozs\u0105dek. Od dawna wykorzystuj\u0105 Stany Zjednoczone\u201d.<\/p>\n<\/div>\n<div align=\"left\">\n<p dir=\"ltr\">Brian Mast, kongresmen pi\u0119ciu kadencji z Florydy, r\u00f3wnie\u017c skrytykowa\u0142 Kanad\u0119 za za\u0142amanie si\u0119 rozm\u00f3w handlowych.<\/p>\n<\/div>\n<div align=\"left\">\n<p dir=\"ltr\">\u201eZaoferowano im najlepsz\u0105 mo\u017cliw\u0105 ofert\u0119, bardziej hojn\u0105 ni\u017c komukolwiek innemu na \u015bwiecie, a oni si\u0119 od niej odwr\u00f3cili\u201d \u2013 powiedzia\u0142 Mast w wywiadzie dla CBC News.<\/p>\n<\/div>\n<div align=\"left\">\n<p dir=\"ltr\">Kiedy Greer opu\u015bci\u0142 spotkanie, nie odpowiedzia\u0142 na pytania reporter\u00f3w dotycz\u0105ce stanu negocjacji z Kanad\u0105.<\/p>\n<\/div>\n<div align=\"left\">\n<p dir=\"ltr\">Tymczasem w Bia\u0142ym Domu\u00a0Trump powiedzia\u0142 reporterom, \u017ce jednym z jego najwi\u0119kszych zarzut\u00f3w wobec Kanady s\u0105 ograniczenia, jakie kraj ten nak\u0142ada na operacje ameryka\u0144skich bank\u00f3w na p\u00f3\u0142noc od granicy.<\/p>\n<\/div>\n<div align=\"left\">\n<p dir=\"ltr\">\u201eZasadniczo nie pozwalaj\u0105 bankom Ameryki na dzia\u0142alno\u015b\u0107 w Kanadzie, to w pewnym sensie symboliczne dla sposobu, w jaki nas traktuj\u0105\u201d \u2013 powiedzia\u0142 Trump w \u015brod\u0119 po po\u0142udniu w Gabinecie Owalnym.<\/p>\n<\/div>\n<div align=\"left\">\n<p dir=\"ltr\">\u201eKanada ma tutaj swoje banki, a my jeste\u015bmy ich najwi\u0119kszym \u017ar\u00f3d\u0142em dochodu, o wiele wi\u0119kszym ni\u017c w Kanadzie\u201d \u2013 powiedzia\u0142.<\/p>\n<\/div>\n","protected":false},"excerpt":{"rendered":"<p>Po spotkaniu z przedstawicielem handlowym USA na Kapitolu ustawodawcy Partii Republika\u0144skiej broni\u0105 taktyki prezydenta. Republika\u0144scy cz\u0142onkowie Kongresu publicznie popieraj\u0105 prezydenta USA Donalda Trumpa w jego&hellip;<\/p>\n","protected":false},"author":3,"featured_media":11568,"comment_status":"open","ping_status":"open","sticky":false,"template":"","format":"standard","meta":{"footnotes":""},"categories":[15,18],"tags":[],"class_list":["post-11567","post","type-post","status-publish","format-standard","has-post-thumbnail","hentry","category-swiat","category-top-news"],"_links":{"self":[{"href":"https:\/\/radiopoloniawinnipeg.com\/index.php\/wp-json\/wp\/v2\/posts\/11567","targetHints":{"allow":["GET"]}}],"collection":[{"href":"https:\/\/radiopoloniawinnipeg.com\/index.php\/wp-json\/wp\/v2\/posts"}],"about":[{"href":"https:\/\/radiopoloniawinnipeg.com\/index.php\/wp-json\/wp\/v2\/types\/post"}],"author":[{"embeddable":true,"href":"https:\/\/radiopoloniawinnipeg.com\/index.php\/wp-json\/wp\/v2\/users\/3"}],"replies":[{"embeddable":true,"href":"https:\/\/radiopoloniawinnipeg.com\/index.php\/wp-json\/wp\/v2\/comments?post=11567"}],"version-history":[{"count":0,"href":"https:\/\/radiopoloniawinnipeg.com\/index.php\/wp-json\/wp\/v2\/posts\/11567\/revisions"}],"wp:featuredmedia":[{"embeddable":true,"href":"https:\/\/radiopoloniawinnipeg.com\/index.php\/wp-json\/wp\/v2\/media\/11568"}],"wp:attachment":[{"href":"https:\/\/radiopoloniawinnipeg.com\/index.php\/wp-json\/wp\/v2\/media?parent=11567"}],"wp:term":[{"taxonomy":"category","embeddable":true,"href":"https:\/\/radiopoloniawinnipeg.com\/index.php\/wp-json\/wp\/v2\/categories?post=11567"},{"taxonomy":"post_tag","embeddable":true,"href":"https:\/\/radiopoloniawinnipeg.com\/index.php\/wp-json\/wp\/v2\/tags?post=11567"}],"curies":[{"name":"wp","href":"https:\/\/api.w.org\/{rel}","templated":true}]}}