{"id":11589,"date":"2026-09-03T19:15:07","date_gmt":"2026-09-03T23:15:07","guid":{"rendered":"https:\/\/radiopoloniawinnipeg.com\/index.php\/2026\/09\/03\/lutnick-o-kanadzie-probuja-wykorzystac-zamieszanie-aby-zdobyc-polityczne-wplywy\/"},"modified":"2026-09-03T19:15:07","modified_gmt":"2026-09-03T23:15:07","slug":"lutnick-o-kanadzie-probuja-wykorzystac-zamieszanie-aby-zdobyc-polityczne-wplywy","status":"publish","type":"post","link":"https:\/\/radiopoloniawinnipeg.com\/index.php\/2026\/09\/03\/lutnick-o-kanadzie-probuja-wykorzystac-zamieszanie-aby-zdobyc-polityczne-wplywy\/","title":{"rendered":"Lutnick o Kanadzie: Pr\u00f3buj\u0105 wykorzysta\u0107 zamieszanie, aby zdoby\u0107 polityczne wp\u0142ywy"},"content":{"rendered":"<p><strong>Sekretarz handlu Stan\u00f3w Zjednoczonych Howard Lutnick po raz kolejny zaatakowa\u0142 premiera Kanady Marka Carneya. Zarzuci\u0142 mu, \u017ce pr\u00f3buje \u201ezerwa\u0107\u201d porozumienie ze Stanami Zjednoczonymi, aby wykorzysta\u0107 napi\u0119cia mi\u0119dzy oboma krajami do zdobycia politycznej przewagi.<\/strong><\/p>\n<p>Lutnick m\u00f3wi\u0142 o tym w \u015brod\u0119 podczas wywiadu telewizyjnego dla ameryka\u0144skiej stacji CNBC. Jego zdaniem kanadyjski rz\u0105d oraz Partia Liberalna pr\u00f3buj\u0105 wykorzysta\u0107 obecny konflikt ze Stanami Zjednoczonymi do wzmocnienia swojej pozycji politycznej.<\/p>\n<p>\u201eChodzi o Parti\u0119 Liberaln\u0105 i Marka Carneya, kt\u00f3rzy pr\u00f3buj\u0105 wykorzysta\u0107 zamieszanie ze Stanami Zjednoczonymi, aby zdoby\u0107 polityczne wp\u0142ywy\u201d \u2013 powiedzia\u0142 sekretarz handlu USA.<\/p>\n<p>Lutnick odni\u00f3s\u0142 si\u0119 r\u00f3wnie\u017c do sytuacji politycznej w Quebecu i Albercie. Stwierdzi\u0142, \u017ce w Quebecu istnieje \u201eniezale\u017cna, suwerenna partia\u201d, kt\u00f3ra ma wzi\u0105\u0107 udzia\u0142 w g\u0142osowaniu 5 pa\u017adziernika. Wed\u0142ug niego podobny proces ma rozpocz\u0105\u0107 si\u0119 r\u00f3wnie\u017c w Albercie, gdzie \u2013 jak twierdzi\u0142 \u2013 od dawna panuje przekonanie, \u017ce prowincja jest niesprawiedliwie traktowana przez Ottaw\u0119 oraz kanadyjsk\u0105 lewic\u0119.<\/p>\n<p>\u201eMaj\u0105 niezale\u017cn\u0105 parti\u0119, parti\u0119 suwerenn\u0105, kt\u00f3ra g\u0142osuje w Quebecu 5 pa\u017adziernika. Maj\u0105 te\u017c g\u0142osowanie w sprawie niepodleg\u0142o\u015bci, kt\u00f3re rozpoczyna ten proces w Albercie, kt\u00f3ra zawsze uwa\u017ca, \u017ce Ottawa i kanadyjska lewica j\u0105 oszukuj\u0105\u201d \u2013 powiedzia\u0142 Lutnick.<\/p>\n<p>Doda\u0142, \u017ce jego zdaniem Mark Carney prowadzi tward\u0105 polityk\u0119 wobec Stan\u00f3w Zjednoczonych przede wszystkim po to, aby osi\u0105gn\u0105\u0107 w\u0142asne cele polityczne.<\/p>\n<p>\u201eWiesz, on po prostu pr\u00f3buje z nami walczy\u0107, \u017ceby uzyska\u0107 przewag\u0119\u201d \u2013 stwierdzi\u0142 ameryka\u0144ski urz\u0119dnik.<\/p>\n<p>Wypowied\u017a Lutnicka dotycz\u0105ca Quebecu wymaga jednak wyja\u015bnienia. M\u00f3wi\u0105c o \u201eg\u0142osowaniu na parti\u0119 suwerenn\u0105\u201d, mia\u0142 na my\u015bli wybory prowincjonalne w Quebecu, kt\u00f3re odb\u0119d\u0105 si\u0119 5 pa\u017adziernika. Na karcie wyborczej nie znajduje si\u0119 jednak pytanie referendalne dotycz\u0105ce niepodleg\u0142o\u015bci lub suwerenno\u015bci Quebecu.<\/p>\n<p>Sekretarz handlu USA poszed\u0142 jeszcze dalej w swojej krytyce Kanady. Stwierdzi\u0142, \u017ce Kanada osi\u0105ga najs\u0142absze wyniki spo\u015br\u00f3d kraj\u00f3w ocenianych przez Organizacj\u0119 Wsp\u00f3\u0142pracy Gospodarczej i Rozwoju (OECD).<\/p>\n<p>\u201eMaj\u0105 dobrych ludzi. Maj\u0105 wspania\u0142e zasoby. Dlaczego wi\u0119c osi\u0105gaj\u0105 gorsze wyniki?\u201d \u2013 pyta\u0142 Lutnick, odnosz\u0105c si\u0119 do Kanady.<\/p>\n<p>Nast\u0119pnie szczeg\u00f3lnie mocno skrytykowa\u0142 Ontario i Toronto. Stwierdzi\u0142, \u017ce gdyby Kanada zosta\u0142a przy\u0142\u0105czona do Stan\u00f3w Zjednoczonych, Ontario by\u0142oby \u2013 w jego opinii \u2013 ostatnim z hipotetycznych \u201e51 stan\u00f3w\u201d.<\/p>\n<p>\u201eOntario, z wielkim miastem Toronto, by\u0142oby ostatnim z naszych 51 stan\u00f3w. I m\u00f3wisz: naprawd\u0119, Toronto i Ontario? Po prostu nie radz\u0105 sobie dobrze w przeliczeniu na mieszka\u0144ca, poniewa\u017c nie maj\u0105 odpowiednich narz\u0119dzi. Nie maj\u0105 w\u0142a\u015bciwych regulacji. Nie maj\u0105 odpowiedniego przyw\u00f3dztwa\u201d \u2013 powiedzia\u0142 Lutnick.<\/p>\n<p>W ostatnim czasie mi\u0119dzy Kanad\u0105 a Stanami Zjednoczonymi nasili\u0142a si\u0119 wymiana ostrych komentarzy, a eksperci zwracaj\u0105 uwag\u0119 na du\u017c\u0105 liczb\u0119 prowokacyjnych wpis\u00f3w publikowanych w mediach spo\u0142eczno\u015bciowych.<\/p>\n<p>Ich zdaniem mo\u017ce to by\u0107 cz\u0119\u015bci\u0105 szerszej strategii administracji Trumpa, kt\u00f3rej celem jest odwr\u00f3cenie uwagi ameryka\u0144skich wyborc\u00f3w od innych problem\u00f3w oraz skupienie ich zainteresowania na sporach z Kanad\u0105.<\/p>\n<p>Andrew MacDougall, kt\u00f3ry w przesz\u0142o\u015bci by\u0142 dyrektorem ds. komunikacji by\u0142ego premiera Kanady Stephena Harpera, powiedzia\u0142 we wtorek w rozmowie z CTV News, \u017ce Kanada sta\u0142a si\u0119 stosunkowo \u0142atwym celem dla tego rodzaju politycznej komunikacji.<\/p>\n<p>\u201eTen prezydent wie, \u017ce jego supermocarstwo, je\u015bli mo\u017cna tak powiedzie\u0107, daje mu kontrol\u0119 nad polityk\u0105 komunikacyjn\u0105\u201d \u2013 powiedzia\u0142 MacDougall.<\/p>\n<p>Jego zdaniem prezydent USA ma obecnie mo\u017cliwo\u015b\u0107 bezpo\u015bredniego korzystania z platform spo\u0142eczno\u015bciowych i publikowania tam nawet najbardziej kontrowersyjnych wypowiedzi.<\/p>\n<p>\u201eTeraz mo\u017ce wej\u015b\u0107 na te platformy i m\u00f3wi\u0107 oraz robi\u0107 najbardziej prowokacyjne, absurdalne i ekstremalne rzeczy\u201d \u2013 powiedzia\u0142 by\u0142y doradca Stephena Harpera.<\/p>\n","protected":false},"excerpt":{"rendered":"<p>Sekretarz handlu Stan\u00f3w Zjednoczonych Howard Lutnick po raz kolejny zaatakowa\u0142 premiera Kanady Marka Carneya. Zarzuci\u0142 mu, \u017ce pr\u00f3buje \u201ezerwa\u0107\u201d porozumienie ze Stanami Zjednoczonymi, aby wykorzysta\u0107&hellip;<\/p>\n","protected":false},"author":3,"featured_media":11590,"comment_status":"open","ping_status":"open","sticky":false,"template":"","format":"standard","meta":{"footnotes":""},"categories":[15,18],"tags":[],"class_list":["post-11589","post","type-post","status-publish","format-standard","has-post-thumbnail","hentry","category-swiat","category-top-news"],"_links":{"self":[{"href":"https:\/\/radiopoloniawinnipeg.com\/index.php\/wp-json\/wp\/v2\/posts\/11589","targetHints":{"allow":["GET"]}}],"collection":[{"href":"https:\/\/radiopoloniawinnipeg.com\/index.php\/wp-json\/wp\/v2\/posts"}],"about":[{"href":"https:\/\/radiopoloniawinnipeg.com\/index.php\/wp-json\/wp\/v2\/types\/post"}],"author":[{"embeddable":true,"href":"https:\/\/radiopoloniawinnipeg.com\/index.php\/wp-json\/wp\/v2\/users\/3"}],"replies":[{"embeddable":true,"href":"https:\/\/radiopoloniawinnipeg.com\/index.php\/wp-json\/wp\/v2\/comments?post=11589"}],"version-history":[{"count":0,"href":"https:\/\/radiopoloniawinnipeg.com\/index.php\/wp-json\/wp\/v2\/posts\/11589\/revisions"}],"wp:featuredmedia":[{"embeddable":true,"href":"https:\/\/radiopoloniawinnipeg.com\/index.php\/wp-json\/wp\/v2\/media\/11590"}],"wp:attachment":[{"href":"https:\/\/radiopoloniawinnipeg.com\/index.php\/wp-json\/wp\/v2\/media?parent=11589"}],"wp:term":[{"taxonomy":"category","embeddable":true,"href":"https:\/\/radiopoloniawinnipeg.com\/index.php\/wp-json\/wp\/v2\/categories?post=11589"},{"taxonomy":"post_tag","embeddable":true,"href":"https:\/\/radiopoloniawinnipeg.com\/index.php\/wp-json\/wp\/v2\/tags?post=11589"}],"curies":[{"name":"wp","href":"https:\/\/api.w.org\/{rel}","templated":true}]}}