{"id":11607,"date":"2026-09-04T16:15:05","date_gmt":"2026-09-04T20:15:05","guid":{"rendered":"https:\/\/radiopoloniawinnipeg.com\/index.php\/2026\/09\/04\/rekord-rzadu-giorgii-meloni\/"},"modified":"2026-09-04T16:15:05","modified_gmt":"2026-09-04T20:15:05","slug":"rekord-rzadu-giorgii-meloni","status":"publish","type":"post","link":"https:\/\/radiopoloniawinnipeg.com\/index.php\/2026\/09\/04\/rekord-rzadu-giorgii-meloni\/","title":{"rendered":"Rekord rz\u0105du Giorgii Meloni"},"content":{"rendered":"<div id=\"attachment_251600\" style=\"width: 646px\" class=\"wp-caption aligncenter\"><img decoding=\"async\" loading=\"lazy\" aria-describedby=\"caption-attachment-251600\" class=\"size-custom-full-size wp-image-251600\" src=\"https:\/\/bejsment.com\/wp-content\/uploads\/2026\/09\/aameloni3-636x358.jpg\" alt=\"\" width=\"636\" height=\"358\" \/><\/p>\n<p id=\"caption-attachment-251600\" class=\"wp-caption-text\">Giorgia Meloni<\/p>\n<\/div>\n<p><strong>Rz\u0105d Giorgii Meloni sta\u0142 si\u0119 najd\u0142u\u017cej urz\u0119duj\u0105cym gabinetem w historii Republiki W\u0142oskiej. W pi\u0105tek osi\u0105gn\u0105\u0142 1413 dni nieprzerwanych rz\u0105d\u00f3w, bij\u0105c rekord drugiego gabinetu Silvio Berlusconiego z lat 2001\u20132005.<\/strong><\/p>\n<p>Meloni zosta\u0142a zaprzysi\u0119\u017cona 22 pa\u017adziernika 2022 roku jako pierwsza kobieta na stanowisku premiera W\u0142och. Jej koalicyjny rz\u0105d tworz\u0105 Bracia W\u0142osi, Forza Italia i Liga. Mimo licznych spor\u00f3w mi\u0119dzy koalicjantami gabinet przetrwa\u0142 niemal cztery lata bez powa\u017cnego kryzysu zagra\u017caj\u0105cego jego istnieniu.<\/p>\n<p>To wyj\u0105tkowe osi\u0105gni\u0119cie w kraju s\u0142yn\u0105cym z politycznej niestabilno\u015bci. Od powstania Republiki W\u0142oskiej w 1946 roku utworzono 68 rz\u0105d\u00f3w, a przeci\u0119tny gabinet utrzymywa\u0142 si\u0119 przy w\u0142adzy niewiele ponad rok.<\/p>\n<p>Bracia W\u0142osi \u015bwi\u0119tuj\u0105 rekord podczas pi\u0105tkowego festynu w Bari na po\u0142udniu kraju. Do miasta zwo\u017ceni s\u0105 autokarami zwolennicy partii, a kulminacj\u0105 wydarzenia ma by\u0107 wyst\u0105pienie Meloni. Sama premier podkre\u015bli\u0142a jednak, \u017ce stabilno\u015b\u0107 nie powinna by\u0107 traktowana jedynie jako rekord, lecz jako warunek pozwalaj\u0105cy pa\u0144stwu planowa\u0107 i realizowa\u0107 swoje zobowi\u0105zania.<\/p>\n<p>Cztery lata rz\u0105d\u00f3w przynios\u0142y Meloni zar\u00f3wno sukcesy, jak i pora\u017cki. Bezrobocie spad\u0142o poni\u017cej 6 proc., a liczba zatrudnionych wzros\u0142a o ponad milion. Jednocze\u015bnie wzros\u0142o obci\u0105\u017cenie podatkowe, a gospodarka rozwija si\u0119 wolniej ni\u017c \u015brednia unijna.<\/p>\n<p>Jednym z g\u0142\u00f3wnych temat\u00f3w rz\u0105du pozostaje migracja. Liczba os\u00f3b przybywaj\u0105cych nielegalnie drog\u0105 morsk\u0105 wyra\u017anie spad\u0142a, ale kontrowersje wywo\u0142a\u0142y o\u015brodki dla migrant\u00f3w utworzone przez W\u0142ochy w Albanii.<\/p>\n<p>Meloni b\u0119dzie mia\u0142a szans\u0119 jeszcze znacznie poprawi\u0107 rekord. Kolejne wybory parlamentarne powinny odby\u0107 si\u0119 w 2027 roku.<\/p>\n","protected":false},"excerpt":{"rendered":"<p>Giorgia Meloni Rz\u0105d Giorgii Meloni sta\u0142 si\u0119 najd\u0142u\u017cej urz\u0119duj\u0105cym gabinetem w historii Republiki W\u0142oskiej. W pi\u0105tek osi\u0105gn\u0105\u0142 1413 dni nieprzerwanych rz\u0105d\u00f3w, bij\u0105c rekord drugiego gabinetu&hellip;<\/p>\n","protected":false},"author":3,"featured_media":11608,"comment_status":"open","ping_status":"open","sticky":false,"template":"","format":"standard","meta":{"footnotes":""},"categories":[15,18],"tags":[],"class_list":["post-11607","post","type-post","status-publish","format-standard","has-post-thumbnail","hentry","category-swiat","category-top-news"],"_links":{"self":[{"href":"https:\/\/radiopoloniawinnipeg.com\/index.php\/wp-json\/wp\/v2\/posts\/11607","targetHints":{"allow":["GET"]}}],"collection":[{"href":"https:\/\/radiopoloniawinnipeg.com\/index.php\/wp-json\/wp\/v2\/posts"}],"about":[{"href":"https:\/\/radiopoloniawinnipeg.com\/index.php\/wp-json\/wp\/v2\/types\/post"}],"author":[{"embeddable":true,"href":"https:\/\/radiopoloniawinnipeg.com\/index.php\/wp-json\/wp\/v2\/users\/3"}],"replies":[{"embeddable":true,"href":"https:\/\/radiopoloniawinnipeg.com\/index.php\/wp-json\/wp\/v2\/comments?post=11607"}],"version-history":[{"count":0,"href":"https:\/\/radiopoloniawinnipeg.com\/index.php\/wp-json\/wp\/v2\/posts\/11607\/revisions"}],"wp:featuredmedia":[{"embeddable":true,"href":"https:\/\/radiopoloniawinnipeg.com\/index.php\/wp-json\/wp\/v2\/media\/11608"}],"wp:attachment":[{"href":"https:\/\/radiopoloniawinnipeg.com\/index.php\/wp-json\/wp\/v2\/media?parent=11607"}],"wp:term":[{"taxonomy":"category","embeddable":true,"href":"https:\/\/radiopoloniawinnipeg.com\/index.php\/wp-json\/wp\/v2\/categories?post=11607"},{"taxonomy":"post_tag","embeddable":true,"href":"https:\/\/radiopoloniawinnipeg.com\/index.php\/wp-json\/wp\/v2\/tags?post=11607"}],"curies":[{"name":"wp","href":"https:\/\/api.w.org\/{rel}","templated":true}]}}