{"id":11621,"date":"2026-09-05T14:15:04","date_gmt":"2026-09-05T18:15:04","guid":{"rendered":"https:\/\/radiopoloniawinnipeg.com\/index.php\/2026\/09\/05\/gen-pytel-zatrzymany-na-lotnisku-chcial-wyleciec-mimo-zakazu\/"},"modified":"2026-09-05T14:15:04","modified_gmt":"2026-09-05T18:15:04","slug":"gen-pytel-zatrzymany-na-lotnisku-chcial-wyleciec-mimo-zakazu","status":"publish","type":"post","link":"https:\/\/radiopoloniawinnipeg.com\/index.php\/2026\/09\/05\/gen-pytel-zatrzymany-na-lotnisku-chcial-wyleciec-mimo-zakazu\/","title":{"rendered":"Gen. Pytel zatrzymany na lotnisku. Chcia\u0142 wylecie\u0107 mimo zakazu"},"content":{"rendered":"<div id=\"attachment_251660\" style=\"width: 646px\" class=\"wp-caption aligncenter\"><img decoding=\"async\" loading=\"lazy\" aria-describedby=\"caption-attachment-251660\" class=\"size-custom-full-size wp-image-251660\" src=\"https:\/\/bejsment.com\/wp-content\/uploads\/2026\/09\/aapytel-636x362.jpg\" alt=\"\" width=\"636\" height=\"362\" \/><\/p>\n<p id=\"caption-attachment-251660\" class=\"wp-caption-text\">Piotr Pytel<\/p>\n<\/div>\n<p><strong>Gen. Piotr Pytel, by\u0142y szef S\u0142u\u017cby Kontrwywiadu Wojskowego, nie m\u00f3g\u0142 w sobot\u0119 wylecie\u0107 z lotniska w Pyrzowicach na urlop do Turcji. Powodem by\u0142 zakaz opuszczania kraju, kt\u00f3ry nadal figurowa\u0142 w systemie Stra\u017cy Granicznej, mimo \u017ce \u015bledztwo, w zwi\u0105zku z kt\u00f3rym go zastosowano, umorzono w 2024 roku.<\/strong><\/p>\n<p>Podczas kontroli dokument\u00f3w Pytel zosta\u0142 skierowany na kontrol\u0119 osobist\u0105. Tam poinformowano go, \u017ce nie mo\u017ce opu\u015bci\u0107 kraju.<\/p>\n<p>Stra\u017c Graniczna potwierdzi\u0142a, \u017ce w jej systemie nadal widnieje aktywny zakaz opuszczania strefy Schengen wydany przez Prokuratur\u0119 Okr\u0119gow\u0105 w Warszawie. Rzecznik \u015al\u0105skiego Oddzia\u0142u SG por. Szymon Mo\u015bcicki zaznaczy\u0142 jednak, \u017ce genera\u0142 <strong>nie zosta\u0142 zatrzymany<\/strong>. Funkcjonariusze jedynie uniemo\u017cliwili mu przekroczenie granicy.<\/p>\n<p>Zakaz zosta\u0142 na\u0142o\u017cony w 2017 roku w zwi\u0105zku ze \u015bledztwem dotycz\u0105cym kontakt\u00f3w kierownictwa SKW z rosyjsk\u0105 FSB. Zarzuty postawiono m.in. Pytlowi oraz by\u0142emu szefowi SKW gen. Januszowi Noskowi. W ramach tego post\u0119powania jako \u015bwiadek przes\u0142uchiwany by\u0142 r\u00f3wnie\u017c Donald Tusk.<\/p>\n<p>W kwietniu 2024 roku Prokuratura Okr\u0119gowa w Warszawie umorzy\u0142a \u015bledztwo wobec Pytla, Noska i p\u0142k. Krzysztofa Duszy. W przypadku Pytla podstaw\u0105 by\u0142o stwierdzenie, \u017ce zarzucany mu czyn nie zawiera\u0142 znamion czynu zabronionego.<\/p>\n<p>Mimo zako\u0144czenia sprawy informacja o zakazie nie zosta\u0142a usuni\u0119ta z systemu Stra\u017cy Granicznej.<\/p>\n<p>\u2013 Taki zakaz mo\u017ce usun\u0105\u0107 wy\u0142\u0105cznie prokurator lub s\u0105d \u2013 wyja\u015bni\u0142 Mo\u015bcicki, dodaj\u0105c, \u017ce sytuacje, w kt\u00f3rych po umorzeniu post\u0119powania nie zostaje on anulowany, nale\u017c\u0105 do rzadko\u015bci.<\/p>\n<p>Pytel podkre\u015bli\u0142, \u017ce nie ma pretensji do funkcjonariuszy Stra\u017cy Granicznej, poniewa\u017c wykonywali swoje obowi\u0105zki na podstawie danych znajduj\u0105cych si\u0119 w systemie.<\/p>\n","protected":false},"excerpt":{"rendered":"<p>Piotr Pytel Gen. Piotr Pytel, by\u0142y szef S\u0142u\u017cby Kontrwywiadu Wojskowego, nie m\u00f3g\u0142 w sobot\u0119 wylecie\u0107 z lotniska w Pyrzowicach na urlop do Turcji. Powodem by\u0142&hellip;<\/p>\n","protected":false},"author":3,"featured_media":11622,"comment_status":"open","ping_status":"open","sticky":false,"template":"","format":"standard","meta":{"footnotes":""},"categories":[14,18],"tags":[],"class_list":["post-11621","post","type-post","status-publish","format-standard","has-post-thumbnail","hentry","category-polska","category-top-news"],"_links":{"self":[{"href":"https:\/\/radiopoloniawinnipeg.com\/index.php\/wp-json\/wp\/v2\/posts\/11621","targetHints":{"allow":["GET"]}}],"collection":[{"href":"https:\/\/radiopoloniawinnipeg.com\/index.php\/wp-json\/wp\/v2\/posts"}],"about":[{"href":"https:\/\/radiopoloniawinnipeg.com\/index.php\/wp-json\/wp\/v2\/types\/post"}],"author":[{"embeddable":true,"href":"https:\/\/radiopoloniawinnipeg.com\/index.php\/wp-json\/wp\/v2\/users\/3"}],"replies":[{"embeddable":true,"href":"https:\/\/radiopoloniawinnipeg.com\/index.php\/wp-json\/wp\/v2\/comments?post=11621"}],"version-history":[{"count":0,"href":"https:\/\/radiopoloniawinnipeg.com\/index.php\/wp-json\/wp\/v2\/posts\/11621\/revisions"}],"wp:featuredmedia":[{"embeddable":true,"href":"https:\/\/radiopoloniawinnipeg.com\/index.php\/wp-json\/wp\/v2\/media\/11622"}],"wp:attachment":[{"href":"https:\/\/radiopoloniawinnipeg.com\/index.php\/wp-json\/wp\/v2\/media?parent=11621"}],"wp:term":[{"taxonomy":"category","embeddable":true,"href":"https:\/\/radiopoloniawinnipeg.com\/index.php\/wp-json\/wp\/v2\/categories?post=11621"},{"taxonomy":"post_tag","embeddable":true,"href":"https:\/\/radiopoloniawinnipeg.com\/index.php\/wp-json\/wp\/v2\/tags?post=11621"}],"curies":[{"name":"wp","href":"https:\/\/api.w.org\/{rel}","templated":true}]}}