{"id":11623,"date":"2026-09-05T16:15:05","date_gmt":"2026-09-05T20:15:05","guid":{"rendered":"https:\/\/radiopoloniawinnipeg.com\/index.php\/2026\/09\/05\/merz-oskarza-rosje-o-sabotaz\/"},"modified":"2026-09-05T16:15:05","modified_gmt":"2026-09-05T20:15:05","slug":"merz-oskarza-rosje-o-sabotaz","status":"publish","type":"post","link":"https:\/\/radiopoloniawinnipeg.com\/index.php\/2026\/09\/05\/merz-oskarza-rosje-o-sabotaz\/","title":{"rendered":"Merz oskar\u017ca Rosj\u0119 o sabota\u017c"},"content":{"rendered":"<div id=\"attachment_251667\" style=\"width: 646px\" class=\"wp-caption aligncenter\"><img decoding=\"async\" loading=\"lazy\" aria-describedby=\"caption-attachment-251667\" class=\"size-custom-full-size wp-image-251667\" src=\"https:\/\/bejsment.com\/wp-content\/uploads\/2026\/09\/aamertz-636x341.jpg\" alt=\"\" width=\"636\" height=\"341\" \/><\/p>\n<p id=\"caption-attachment-251667\" class=\"wp-caption-text\">Friedrich Merz<\/p>\n<\/div>\n<p><strong>Kanclerz Niemiec Friedrich Merz o\u015bwiadczy\u0142, \u017ce odpowiedzialno\u015b\u0107 Rosji za pr\u00f3b\u0119 ataku na lotnisku Lipsk\/Halle jest \u201ejasna i bezsporna\u201d. W sierpniu w pobli\u017cu ukrai\u0144skich samolot\u00f3w transportowych znaleziono drona wyposa\u017conego w materia\u0142 wybuchowy i zapalnik.<\/strong><\/p>\n<p>\u2013 Jednoznacznie przypisali\u015bmy Rosji odpowiedzialno\u015b\u0107 za to zdarzenie. Jest to jasne, bezsporne i ma mocne podstawy prawne \u2013 powiedzia\u0142 Merz podczas spotkania CDU w Dolnej Saksonii.<\/p>\n<p>Do incydentu dosz\u0142o 4 sierpnia w strefie bezpiecze\u0144stwa lotniska Lipsk\/Halle. \u015aledczy zabezpieczyli drona z \u0142adunkiem wybuchowym znajduj\u0105cego si\u0119 mi\u0119dzy ukrai\u0144skimi samolotami transportowymi. Wed\u0142ug najnowszych ustale\u0144 w zdarzeniu uczestniczy\u0142y \u0142\u0105cznie trzy drony. Niemieckie w\u0142adze twierdz\u0105, \u017ce zastosowane rozwi\u0105zania techniczne, spos\u00f3b dzia\u0142ania oraz informacje wywiadowcze wskazuj\u0105 na Rosj\u0119.<\/p>\n<p>Merz podkre\u015bli\u0142, \u017ce niewiele brakowa\u0142o do katastrofy. Zapowiedzia\u0142 zdecydowan\u0105 reakcj\u0119 na dzia\u0142ania wymierzone w Niemcy.<\/p>\n<p>\u2013 Ka\u017cdy, kto nas atakuje, musi wiedzie\u0107, \u017ce jeste\u015bmy zdecydowani broni\u0107 naszego pa\u0144stwa prawa, demokracji, otwartego spo\u0142ecze\u0144stwa i integralno\u015bci naszego terytorium \u2013 o\u015bwiadczy\u0142.<\/p>\n<p>Berlin og\u0142osi\u0142 ju\u017c szereg dzia\u0142a\u0144 odwetowych. Zamkni\u0119ty ma zosta\u0107 rosyjski konsulat generalny w Bonn, a dzia\u0142alno\u015b\u0107 Rosyjskiego Domu w Berlinie zako\u0144czona. Niemcy zamierzaj\u0105 tak\u017ce zaostrzy\u0107 kontrole wjazdowe obywateli Rosji oraz zwi\u0119kszy\u0107 presj\u0119 na rosyjsk\u0105 flot\u0119 cieni.<\/p>\n<p>Merz odni\u00f3s\u0142 si\u0119 r\u00f3wnie\u017c do pojawiaj\u0105cych si\u0119 w Niemczech \u017c\u0105da\u0144 zako\u0144czenia pomocy dla Ukrainy. Nazwa\u0142 je naiwnymi i zapewni\u0142, \u017ce jego rz\u0105d nie zamierza rezygnowa\u0107 ze wsparcia Kijowa.<\/p>\n<p>Moskwa odrzuca niemieckie oskar\u017cenia. Rosyjskie w\u0142adze twierdz\u0105, \u017ce przedstawione dowody s\u0105 sfabrykowane, i zapowiedzia\u0142y reakcj\u0119 na dzia\u0142ania Berlina.<\/p>\n","protected":false},"excerpt":{"rendered":"<p>Friedrich Merz Kanclerz Niemiec Friedrich Merz o\u015bwiadczy\u0142, \u017ce odpowiedzialno\u015b\u0107 Rosji za pr\u00f3b\u0119 ataku na lotnisku Lipsk\/Halle jest \u201ejasna i bezsporna\u201d. W sierpniu w pobli\u017cu ukrai\u0144skich&hellip;<\/p>\n","protected":false},"author":3,"featured_media":11624,"comment_status":"open","ping_status":"open","sticky":false,"template":"","format":"standard","meta":{"footnotes":""},"categories":[15,18],"tags":[],"class_list":["post-11623","post","type-post","status-publish","format-standard","has-post-thumbnail","hentry","category-swiat","category-top-news"],"_links":{"self":[{"href":"https:\/\/radiopoloniawinnipeg.com\/index.php\/wp-json\/wp\/v2\/posts\/11623","targetHints":{"allow":["GET"]}}],"collection":[{"href":"https:\/\/radiopoloniawinnipeg.com\/index.php\/wp-json\/wp\/v2\/posts"}],"about":[{"href":"https:\/\/radiopoloniawinnipeg.com\/index.php\/wp-json\/wp\/v2\/types\/post"}],"author":[{"embeddable":true,"href":"https:\/\/radiopoloniawinnipeg.com\/index.php\/wp-json\/wp\/v2\/users\/3"}],"replies":[{"embeddable":true,"href":"https:\/\/radiopoloniawinnipeg.com\/index.php\/wp-json\/wp\/v2\/comments?post=11623"}],"version-history":[{"count":0,"href":"https:\/\/radiopoloniawinnipeg.com\/index.php\/wp-json\/wp\/v2\/posts\/11623\/revisions"}],"wp:featuredmedia":[{"embeddable":true,"href":"https:\/\/radiopoloniawinnipeg.com\/index.php\/wp-json\/wp\/v2\/media\/11624"}],"wp:attachment":[{"href":"https:\/\/radiopoloniawinnipeg.com\/index.php\/wp-json\/wp\/v2\/media?parent=11623"}],"wp:term":[{"taxonomy":"category","embeddable":true,"href":"https:\/\/radiopoloniawinnipeg.com\/index.php\/wp-json\/wp\/v2\/categories?post=11623"},{"taxonomy":"post_tag","embeddable":true,"href":"https:\/\/radiopoloniawinnipeg.com\/index.php\/wp-json\/wp\/v2\/tags?post=11623"}],"curies":[{"name":"wp","href":"https:\/\/api.w.org\/{rel}","templated":true}]}}