{"id":11629,"date":"2026-09-06T07:15:05","date_gmt":"2026-09-06T11:15:05","guid":{"rendered":"https:\/\/radiopoloniawinnipeg.com\/index.php\/2026\/09\/06\/kolejny-samorzadowiec-u-morawieckiego\/"},"modified":"2026-09-06T07:15:05","modified_gmt":"2026-09-06T11:15:05","slug":"kolejny-samorzadowiec-u-morawieckiego","status":"publish","type":"post","link":"https:\/\/radiopoloniawinnipeg.com\/index.php\/2026\/09\/06\/kolejny-samorzadowiec-u-morawieckiego\/","title":{"rendered":"Kolejny samorz\u0105dowiec u Morawieckiego"},"content":{"rendered":"<div id=\"attachment_251685\" style=\"width: 646px\" class=\"wp-caption aligncenter\"><img decoding=\"async\" loading=\"lazy\" aria-describedby=\"caption-attachment-251685\" class=\"size-custom-full-size wp-image-251685\" src=\"https:\/\/bejsment.com\/wp-content\/uploads\/2026\/09\/aaosiewala-636x334.jpg\" alt=\"\" width=\"636\" height=\"334\" \/><\/p>\n<p id=\"caption-attachment-251685\" class=\"wp-caption-text\">Pawe\u0142 Osiewa\u0142a<\/p>\n<\/div>\n<p><strong>Prezydent Sieradza Pawe\u0142 Osiewa\u0142a do\u0142\u0105czy\u0142 do stowarzyszenia Rozw\u00f3j Plus, kt\u00f3rego liderem jest by\u0142y premier Mateusz Morawiecki.<\/strong><\/p>\n<p>Morawiecki og\u0142osi\u0142 decyzj\u0119 Osiewa\u0142y w sobot\u0119 podczas wizyty w Sieradzu. Zapowiedzia\u0142 przy tym wsp\u00f3lne przygotowanie programu dla miast \u015bredniej wielko\u015bci, kt\u00f3ry ma zosta\u0107 przedstawiony w ci\u0105gu najbli\u017cszych tygodni.<\/p>\n<p>\u2013 Razem z panem prezydentem Sieradza b\u0119dziemy pracowa\u0107 nad programem dla miast \u015bredniej wielko\u015bci \u2013 powiedzia\u0142 by\u0142y premier.<\/p>\n<p>Osiewa\u0142a t\u0142umaczy\u0142, \u017ce do przyst\u0105pienia do stowarzyszenia przekona\u0142 go m.in. projekt Morawieckiego \u201ePolska jednej pr\u0119dko\u015bci\u201d. Podkre\u015bla\u0142 te\u017c znaczenie rz\u0105dowego wsparcia dla inwestycji samorz\u0105dowych. Wed\u0142ug niego w ostatnich latach do Sieradza trafi\u0142o ponad 100 mln z\u0142 na przedsi\u0119wzi\u0119cia zwi\u0105zane m.in. z drogami, infrastruktur\u0105 rekreacyjn\u0105 i zagospodarowaniem teren\u00f3w nad Wart\u0105.<\/p>\n<blockquote class=\"twitter-tweet\" data-width=\"550\" data-dnt=\"true\">\n<p lang=\"pl\" dir=\"ltr\">Rozw\u00f3j Plus ro\u015bnie w si\u0142\u0119!<a href=\"https:\/\/x.com\/Pawel_Osiewala?ref_src=twsrc%5Etfw\">@Pawel_Osiewala<\/a>, Prezydent Sieradza, do\u0142\u0105cza do naszej dru\u017cyny.<\/p>\n<p>\u0141\u0105czymy ludzi, kt\u00f3rzy potrafi\u0105 dzia\u0142a\u0107 i zmienia\u0107 swoje ma\u0142e ojczyzny. <\/p>\n<p>Samorz\u0105d ma by\u0107 partnerem pa\u0144stwa, a nie petentem Warszawy.<\/p>\n<p>Pawle, witaj w <a href=\"https:\/\/x.com\/RozwojPlus?ref_src=twsrc%5Etfw\">@RozwojPlus<\/a>! <\/p>\n","protected":false},"excerpt":{"rendered":"<p>Pawe\u0142 Osiewa\u0142a Prezydent Sieradza Pawe\u0142 Osiewa\u0142a do\u0142\u0105czy\u0142 do stowarzyszenia Rozw\u00f3j Plus, kt\u00f3rego liderem jest by\u0142y premier Mateusz Morawiecki. Morawiecki og\u0142osi\u0142 decyzj\u0119 Osiewa\u0142y w sobot\u0119 podczas&hellip;<\/p>\n","protected":false},"author":3,"featured_media":11630,"comment_status":"open","ping_status":"open","sticky":false,"template":"","format":"standard","meta":{"footnotes":""},"categories":[14,18],"tags":[],"class_list":["post-11629","post","type-post","status-publish","format-standard","has-post-thumbnail","hentry","category-polska","category-top-news"],"_links":{"self":[{"href":"https:\/\/radiopoloniawinnipeg.com\/index.php\/wp-json\/wp\/v2\/posts\/11629","targetHints":{"allow":["GET"]}}],"collection":[{"href":"https:\/\/radiopoloniawinnipeg.com\/index.php\/wp-json\/wp\/v2\/posts"}],"about":[{"href":"https:\/\/radiopoloniawinnipeg.com\/index.php\/wp-json\/wp\/v2\/types\/post"}],"author":[{"embeddable":true,"href":"https:\/\/radiopoloniawinnipeg.com\/index.php\/wp-json\/wp\/v2\/users\/3"}],"replies":[{"embeddable":true,"href":"https:\/\/radiopoloniawinnipeg.com\/index.php\/wp-json\/wp\/v2\/comments?post=11629"}],"version-history":[{"count":0,"href":"https:\/\/radiopoloniawinnipeg.com\/index.php\/wp-json\/wp\/v2\/posts\/11629\/revisions"}],"wp:featuredmedia":[{"embeddable":true,"href":"https:\/\/radiopoloniawinnipeg.com\/index.php\/wp-json\/wp\/v2\/media\/11630"}],"wp:attachment":[{"href":"https:\/\/radiopoloniawinnipeg.com\/index.php\/wp-json\/wp\/v2\/media?parent=11629"}],"wp:term":[{"taxonomy":"category","embeddable":true,"href":"https:\/\/radiopoloniawinnipeg.com\/index.php\/wp-json\/wp\/v2\/categories?post=11629"},{"taxonomy":"post_tag","embeddable":true,"href":"https:\/\/radiopoloniawinnipeg.com\/index.php\/wp-json\/wp\/v2\/tags?post=11629"}],"curies":[{"name":"wp","href":"https:\/\/api.w.org\/{rel}","templated":true}]}}