{"id":11631,"date":"2026-09-06T08:15:04","date_gmt":"2026-09-06T12:15:04","guid":{"rendered":"https:\/\/radiopoloniawinnipeg.com\/index.php\/2026\/09\/06\/egipska-prezenterka-telewizyjna-skazana-na-kare-smierci-przez-powieszenie\/"},"modified":"2026-09-06T08:15:04","modified_gmt":"2026-09-06T12:15:04","slug":"egipska-prezenterka-telewizyjna-skazana-na-kare-smierci-przez-powieszenie","status":"publish","type":"post","link":"https:\/\/radiopoloniawinnipeg.com\/index.php\/2026\/09\/06\/egipska-prezenterka-telewizyjna-skazana-na-kare-smierci-przez-powieszenie\/","title":{"rendered":"Egipska prezenterka telewizyjna skazana na kar\u0119 \u015bmierci przez powieszenie"},"content":{"rendered":"<div id=\"attachment_251691\" style=\"width: 646px\" class=\"wp-caption aligncenter\"><img decoding=\"async\" loading=\"lazy\" aria-describedby=\"caption-attachment-251691\" class=\"size-custom-full-size wp-image-251691\" src=\"https:\/\/bejsment.com\/wp-content\/uploads\/2026\/09\/aakhalifa-636x444.jpg\" alt=\"\" width=\"636\" height=\"444\" \/><\/p>\n<p id=\"caption-attachment-251691\" class=\"wp-caption-text\">Sarah Khalifa<\/p>\n<\/div>\n<p><strong>Egipski s\u0105d skaza\u0142 na \u015bmier\u0107 przez powieszenie znan\u0105 prezenterk\u0119 telewizyjn\u0105 Sarah Khalif\u0119 oraz 11 innych os\u00f3b. Sprawa dotyczy zorganizowanej grupy zajmuj\u0105cej si\u0119 produkcj\u0105 i handlem narkotykami. Wyrok mo\u017ce zosta\u0107 zaskar\u017cony. <\/strong><\/p>\n<p>39-letnia Khalifa jest znana przede wszystkim z programu \u201eMission Impossible\u201d, po\u015bwi\u0119conego przest\u0119pczo\u015bci i bezpiecze\u0144stwu. Prowadzi r\u00f3wnie\u017c klinik\u0119 chirurgii plastycznej oraz firm\u0119 organizuj\u0105c\u0105 imprezy i wydarzenia. W mediach spo\u0142eczno\u015bciowych obserwuj\u0105 j\u0105 miliony os\u00f3b. Prezenterka nie przyznaje si\u0119 do winy. Po og\u0142oszeniu wyroku ponownie zapewnia\u0142a przed s\u0105dem, \u017ce jest niewinna.<\/p>\n<p>Wed\u0142ug egipskiej prokuratury grupa sprowadza\u0142a z zagranicy substancje potrzebne do produkcji narkotyk\u00f3w syntetycznych, kt\u00f3re nast\u0119pnie wytwarza\u0142a i wprowadza\u0142a do obrotu. Poszczeg\u00f3lni cz\u0142onkowie organizacji mieli odpowiada\u0107 za dostarczanie surowc\u00f3w, produkcj\u0119 oraz dystrybucj\u0119 narkotyk\u00f3w.<\/p>\n<p>Podczas \u015bledztwa zabezpieczono ponad 750 kilogram\u00f3w narkotyk\u00f3w i surowc\u00f3w s\u0142u\u017c\u0105cych do ich produkcji. \u015aledczy znale\u017ali r\u00f3wnie\u017c dwa mieszkania wykorzystywane jako laboratoria oraz nielegalnie posiadan\u0105 bro\u0144 i amunicj\u0119.<\/p>\n<p>W procesie oskar\u017cono \u0142\u0105cznie 28 os\u00f3b. Opr\u00f3cz 12 wyrok\u00f3w \u015bmierci s\u0105d skaza\u0142 dziewi\u0119cioro oskar\u017conych na do\u017cywocie, a siedmioro uniewinni\u0142.<\/p>\n<p>Przed wydaniem wyrok\u00f3w \u015bmierci s\u0105d zwr\u00f3ci\u0142 si\u0119 o opini\u0119 do wielkiego muftiego Egiptu. Jest to wymagana przez egipskie prawo procedura w sprawach, w kt\u00f3rych s\u0105d zamierza orzec najwy\u017cszy wymiar kary.<\/p>\n<p>Khalifa zosta\u0142a zatrzymana w kwietniu 2025 roku. W odr\u0119bnej sprawie zosta\u0142a tak\u017ce skazana za porwanie i napa\u015b\u0107 na m\u0142odego m\u0119\u017cczyzn\u0119.<\/p>\n<p>W Egipcie kara \u015bmierci mo\u017ce by\u0107 orzekana m.in. za zab\u00f3jstwo z premedytacj\u0105, terroryzm oraz handel narkotykami.<\/p>\n","protected":false},"excerpt":{"rendered":"<p>Sarah Khalifa Egipski s\u0105d skaza\u0142 na \u015bmier\u0107 przez powieszenie znan\u0105 prezenterk\u0119 telewizyjn\u0105 Sarah Khalif\u0119 oraz 11 innych os\u00f3b. Sprawa dotyczy zorganizowanej grupy zajmuj\u0105cej si\u0119 produkcj\u0105&hellip;<\/p>\n","protected":false},"author":3,"featured_media":11632,"comment_status":"open","ping_status":"open","sticky":false,"template":"","format":"standard","meta":{"footnotes":""},"categories":[15,18],"tags":[],"class_list":["post-11631","post","type-post","status-publish","format-standard","has-post-thumbnail","hentry","category-swiat","category-top-news"],"_links":{"self":[{"href":"https:\/\/radiopoloniawinnipeg.com\/index.php\/wp-json\/wp\/v2\/posts\/11631","targetHints":{"allow":["GET"]}}],"collection":[{"href":"https:\/\/radiopoloniawinnipeg.com\/index.php\/wp-json\/wp\/v2\/posts"}],"about":[{"href":"https:\/\/radiopoloniawinnipeg.com\/index.php\/wp-json\/wp\/v2\/types\/post"}],"author":[{"embeddable":true,"href":"https:\/\/radiopoloniawinnipeg.com\/index.php\/wp-json\/wp\/v2\/users\/3"}],"replies":[{"embeddable":true,"href":"https:\/\/radiopoloniawinnipeg.com\/index.php\/wp-json\/wp\/v2\/comments?post=11631"}],"version-history":[{"count":0,"href":"https:\/\/radiopoloniawinnipeg.com\/index.php\/wp-json\/wp\/v2\/posts\/11631\/revisions"}],"wp:featuredmedia":[{"embeddable":true,"href":"https:\/\/radiopoloniawinnipeg.com\/index.php\/wp-json\/wp\/v2\/media\/11632"}],"wp:attachment":[{"href":"https:\/\/radiopoloniawinnipeg.com\/index.php\/wp-json\/wp\/v2\/media?parent=11631"}],"wp:term":[{"taxonomy":"category","embeddable":true,"href":"https:\/\/radiopoloniawinnipeg.com\/index.php\/wp-json\/wp\/v2\/categories?post=11631"},{"taxonomy":"post_tag","embeddable":true,"href":"https:\/\/radiopoloniawinnipeg.com\/index.php\/wp-json\/wp\/v2\/tags?post=11631"}],"curies":[{"name":"wp","href":"https:\/\/api.w.org\/{rel}","templated":true}]}}