{"id":1166,"date":"2025-05-10T11:30:03","date_gmt":"2025-05-10T15:30:03","guid":{"rendered":"https:\/\/radiopoloniawinnipeg.com\/index.php\/2025\/05\/10\/premier-alberty-straszy-separacja-choc-mowi-ze-jej-nie-chce\/"},"modified":"2025-05-10T11:30:03","modified_gmt":"2025-05-10T15:30:03","slug":"premier-alberty-straszy-separacja-choc-mowi-ze-jej-nie-chce","status":"publish","type":"post","link":"https:\/\/radiopoloniawinnipeg.com\/index.php\/2025\/05\/10\/premier-alberty-straszy-separacja-choc-mowi-ze-jej-nie-chce\/","title":{"rendered":"Premier Alberty straszy separacj\u0105, cho\u0107 m\u00f3wi, \u017ce jej nie chce"},"content":{"rendered":"<p><img decoding=\"async\" loading=\"lazy\" class=\"aligncenter size-custom-full-size wp-image-211442\" src=\"https:\/\/bejsment.com\/wp-content\/uploads\/2025\/05\/aasmith-636x358.jpg\" alt=\"\" width=\"636\" height=\"358\" \/><\/p>\n<p><strong>Danielle Smith zapewnia, \u017ce Alberta powinna pozosta\u0107 w Kanadzie. Ale jej dzia\u0142ania \u2013 od \u017c\u0105da\u0144 wobec Ottawy po przygotowania do referendum \u2013 zdaj\u0105 si\u0119 m\u00f3wi\u0107 co\u015b innego.<\/strong><\/p>\n<p>Cho\u0107 premier Alberty Danielle Smith przy ka\u017cdej okazji podkre\u015bla przywi\u0105zanie do Kanady, za jej plecami \u2013 dos\u0142ownie i symbolicznie \u2013 stale powiewaj\u0105 nie tylko flagi prowincji, ale i Kanady. Wbrew zarzutom o wspieranie separatyzmu, utrzymuje, \u017ce jej celem jest zatrzymanie tego zjawiska.<\/p>\n<p>\u2013 Uznanie, \u017ce co\u015b istnieje, nie oznacza, \u017ce to popieram \u2013 powiedzia\u0142a w rozmowie z podcastem <em>Real Talk<\/em>. \u2013 Moim zadaniem jest, by ten ruch si\u0119 nie rozr\u00f3s\u0142, tylko zmala\u0142.<\/p>\n<p>R\u00f3wnocze\u015bnie jednak, Smith otwiera szeroko drzwi do potencjalnego referendum niepodleg\u0142o\u015bciowego \u2013 planowanego na rok 2026, je\u015bli zbierze si\u0119 odpowiednia liczba petycji. Jej rz\u0105d w\u0142a\u015bnie obni\u017cy\u0142 wymagany pr\u00f3g poparcia, by umo\u017cliwi\u0107 przeprowadzenie takiego g\u0142osowania.<\/p>\n<p>Czy to tylko polityczna gra obliczona na wzmocnienie pozycji w negocjacjach z Ottaw\u0105, czy realna droga ku secesji? Smith wysun\u0119\u0142a wobec premiera Marka Carney\u2019a d\u0142ug\u0105 list\u0119 \u017c\u0105da\u0144 \u2013 m.in. swobodny dost\u0119p do budowy ruroci\u0105g\u00f3w na trzy oceany, wi\u0119ksze transfery federalne oraz zniesienie wi\u0119kszo\u015bci polityk klimatycznych. Zdaniem ekspert\u00f3w, s\u0105 to postulaty niemo\u017cliwe do spe\u0142nienia.<\/p>\n<p>\u2013 Rz\u0105d federalny nie ma kompetencji, by spe\u0142ni\u0107 cz\u0119\u015b\u0107 tych \u017c\u0105da\u0144. To przepis na pora\u017ck\u0119 \u2013 ocenia politolog Feo Snagovsky z University of Alberta, badaj\u0105cy nastroje alienacji Zachodu. \u2013 A je\u015bli \u017c\u0105da si\u0119 rzeczy nierealnych, \u0142atwiej og\u0142osi\u0107 \u201ezwyci\u0119stwo\u201d przy ewentualnym kompromisie.<\/p>\n<p>Smith ju\u017c wcze\u015bniej ostrzega\u0142a przed \u201ebezprecedensowym kryzysem jedno\u015bci narodowej\u201d, je\u015bli jej postulaty nie zostan\u0105 spe\u0142nione. Paralele do Brexitu s\u0105 coraz wyra\u017aniejsze. Snagovsky zauwa\u017ca, \u017ce \u2013 podobnie jak premier Wielkiej Brytanii David Cameron \u2013 Smith mo\u017ce uruchomi\u0107 proces, nad kt\u00f3rym p\u00f3\u017aniej straci kontrol\u0119.<\/p>\n<p>Co wi\u0119cej, nie wiadomo, czy premier aktywnie zaanga\u017cuje si\u0119 w kampani\u0119 przeciw secesji, je\u015bli do referendum dojdzie. Tymczasem sonda\u017c Angus Reid pokazuje, \u017ce a\u017c 36% mieszka\u0144c\u00f3w Alberty sk\u0142ania si\u0119 ku opuszczeniu Kanady, a w\u015br\u00f3d zwolennik\u00f3w Zjednoczonej Partii Konserwatywnej (UCP) ten odsetek si\u0119ga 65%.<\/p>\n<p>Peter McCaffrey, by\u0142y doradca UCP i obecny szef libertaria\u0144skiego think tanku, uwa\u017ca, \u017ce partia powinna otwarcie debatowa\u0107 o suwerenno\u015bci.<\/p>\n<p>\u2013 Pr\u00f3by t\u0142umienia kontrowersyjnych temat\u00f3w ko\u0144cz\u0105 si\u0119 ich migracj\u0105 do innych partii \u2013 m\u00f3wi, wspominaj\u0105c roz\u0142am konserwatyst\u00f3w z czas\u00f3w Wildrose.<\/p>\n<div id=\"attachment_211441\" style=\"width: 646px\" class=\"wp-caption aligncenter\"><img decoding=\"async\" loading=\"lazy\" aria-describedby=\"caption-attachment-211441\" class=\"size-custom-full-size wp-image-211441\" src=\"https:\/\/bejsment.com\/wp-content\/uploads\/2025\/05\/aasmith2-636x384.jpg\" alt=\"\" width=\"636\" height=\"384\" \/><\/p>\n<p id=\"caption-attachment-211441\" class=\"wp-caption-text\">Mianowanie przez Smith Nathana Coopera na wys\u0142annika w Waszyngtonie otwiera prowincyjne wybory uzupe\u0142niaj\u0105ce w okr\u0119gu wiejskim, kt\u00f3re m\u00f3g\u0142by wygra\u0107 zadeklarowany separatysta.<\/p>\n<\/div>\n<p>Separatystyczna retoryka mo\u017ce mie\u0107 te\u017c wp\u0142yw na najbli\u017csze wybory uzupe\u0142niaj\u0105ce. Okr\u0119g Olds-Didsbury-Three Hills w przesz\u0142o\u015bci ju\u017c raz wybra\u0142 pos\u0142a z separatystycznej partii Western Canada Concept, a dzi\u015b podobne ambicje ma Partia Republika\u0144ska Alberty.<\/p>\n<p>Premier Smith zapowiedzia\u0142a zorganizowanie letniego panelu dyskusyjnego z udzia\u0142em mieszka\u0144c\u00f3w i przedstawicieli w\u0142adz, by porozmawia\u0107 o przysz\u0142o\u015bci prowincji. Cho\u0107 zapowiada otwarto\u015b\u0107, poprzednie objazdy UCP cz\u0119sto zamienia\u0142y si\u0119 w wydarzenia zamkni\u0119te i partyjne.<\/p>\n<p><strong>Tymczasem Alberta ma inne problemy<\/strong><\/p>\n<p>Separacja poch\u0142ania uwag\u0119, ale prowincja boryka si\u0119 z kryzysami dnia codziennego: spadaj\u0105ce ceny ropy zagra\u017caj\u0105 bud\u017cetowi, trwa \u015bledztwo RCMP w sprawie nieprawid\u0142owo\u015bci w Alberta Health Services, zwolniono te\u017c jej dyrektor generaln\u0105. W tle \u2013 epidemia odry, zbli\u017caj\u0105ce si\u0119 strajki nauczycieli i zwi\u0105zkowc\u00f3w oraz realne zagro\u017cenie taryfami handlowymi ze strony USA.<\/p>\n<p>Smith por\u00f3wna\u0142a l\u0119ki mieszka\u0144c\u00f3w Alberty do tych, jakie odczuwaj\u0105 Amerykanie w kontek\u015bcie Donalda Trumpa: \u2013 Tak jak oni boj\u0105 si\u0119 o swoj\u0105 gospodark\u0119, tak samo mieszka\u0144cy Alberty boj\u0105 si\u0119, co Libera\u0142owie zrobi\u0105 z nasz\u0105.<\/p>\n<p>Ro\u015bnie wi\u0119c ryzyko, \u017ce dotychczasowy antyottawski sentyment przekszta\u0142ci si\u0119 w pe\u0142nowymiarowy antykanadyjski ruch secesyjny. A premier, cho\u0107 formalnie deklaruje przywi\u0105zanie do kraju, zdaje si\u0119 raczej lawirowa\u0107 mi\u0119dzy frustracj\u0105 obywateli a polityczn\u0105 kalkulacj\u0105.<\/p>\n<p><em>Na podst. CBC<\/em><\/p>\n","protected":false},"excerpt":{"rendered":"<p>Danielle Smith zapewnia, \u017ce Alberta powinna pozosta\u0107 w Kanadzie. Ale jej dzia\u0142ania \u2013 od \u017c\u0105da\u0144 wobec Ottawy po przygotowania do referendum \u2013 zdaj\u0105 si\u0119 m\u00f3wi\u0107&hellip;<\/p>\n","protected":false},"author":3,"featured_media":1167,"comment_status":"open","ping_status":"open","sticky":false,"template":"","format":"standard","meta":{"footnotes":""},"categories":[12,18],"tags":[],"class_list":["post-1166","post","type-post","status-publish","format-standard","has-post-thumbnail","hentry","category-kanada","category-top-news"],"_links":{"self":[{"href":"https:\/\/radiopoloniawinnipeg.com\/index.php\/wp-json\/wp\/v2\/posts\/1166","targetHints":{"allow":["GET"]}}],"collection":[{"href":"https:\/\/radiopoloniawinnipeg.com\/index.php\/wp-json\/wp\/v2\/posts"}],"about":[{"href":"https:\/\/radiopoloniawinnipeg.com\/index.php\/wp-json\/wp\/v2\/types\/post"}],"author":[{"embeddable":true,"href":"https:\/\/radiopoloniawinnipeg.com\/index.php\/wp-json\/wp\/v2\/users\/3"}],"replies":[{"embeddable":true,"href":"https:\/\/radiopoloniawinnipeg.com\/index.php\/wp-json\/wp\/v2\/comments?post=1166"}],"version-history":[{"count":0,"href":"https:\/\/radiopoloniawinnipeg.com\/index.php\/wp-json\/wp\/v2\/posts\/1166\/revisions"}],"wp:featuredmedia":[{"embeddable":true,"href":"https:\/\/radiopoloniawinnipeg.com\/index.php\/wp-json\/wp\/v2\/media\/1167"}],"wp:attachment":[{"href":"https:\/\/radiopoloniawinnipeg.com\/index.php\/wp-json\/wp\/v2\/media?parent=1166"}],"wp:term":[{"taxonomy":"category","embeddable":true,"href":"https:\/\/radiopoloniawinnipeg.com\/index.php\/wp-json\/wp\/v2\/categories?post=1166"},{"taxonomy":"post_tag","embeddable":true,"href":"https:\/\/radiopoloniawinnipeg.com\/index.php\/wp-json\/wp\/v2\/tags?post=1166"}],"curies":[{"name":"wp","href":"https:\/\/api.w.org\/{rel}","templated":true}]}}