{"id":1184,"date":"2025-05-10T20:45:04","date_gmt":"2025-05-11T00:45:04","guid":{"rendered":"https:\/\/radiopoloniawinnipeg.com\/index.php\/2025\/05\/10\/nowy-projekt-ustawy-w-usa-moze-wydluzyc-pobyt-kanadyjczykow\/"},"modified":"2025-05-10T20:45:04","modified_gmt":"2025-05-11T00:45:04","slug":"nowy-projekt-ustawy-w-usa-moze-wydluzyc-pobyt-kanadyjczykow","status":"publish","type":"post","link":"https:\/\/radiopoloniawinnipeg.com\/index.php\/2025\/05\/10\/nowy-projekt-ustawy-w-usa-moze-wydluzyc-pobyt-kanadyjczykow\/","title":{"rendered":"Nowy projekt ustawy w USA mo\u017ce wyd\u0142u\u017cy\u0107 pobyt Kanadyjczyk\u00f3w"},"content":{"rendered":"<p>W Kongresie Stan\u00f3w Zjednoczonych pojawi\u0142 si\u0119 projekt ustawy nazwany \u201eCanadian Snowbird Visa Act\u201d, kt\u00f3ry mia\u0142by pozwoli\u0107 niekt\u00f3rym Kanadyjczykom sp\u0119dza\u0107 wi\u0119cej czasu w USA bez konieczno\u015bci uzyskiwania wizy. Dotyczy to os\u00f3b w wieku 50 lat i starszych, kt\u00f3rym planuje si\u0119 umo\u017cliwi\u0107 przed\u0142u\u017cenie maksymalnego okresu pobytu z obecnych 182 dni do 240 dni rocznie.<\/p>\n<p>Projekt z\u0142o\u017cono 29 kwietnia w Izbie Reprezentant\u00f3w. Jedn\u0105 z inicjatorek by\u0142a kongresmenka Partii Republika\u0144skiej Elise Stefanik z Nowego Jorku. Zaznaczy\u0142a, \u017ce Kanadyjczycy s\u0105 istotn\u0105 grup\u0105 dla lokalnej turystyki i gospodarki, szczeg\u00f3lnie w jej przygranicznym okr\u0119gu. Jej zdaniem umo\u017cliwienie d\u0142u\u017cszego pobytu osobom posiadaj\u0105cym nieruchomo\u015bci w USA przyniesie korzy\u015bci ekonomiczne.<\/p>\n<p>Podobne stanowisko przedstawi\u0142 Ken Calvert, kongresmen z Kalifornii, kt\u00f3ry wsp\u00f3\u0142tworzy\u0142 projekt. Uwa\u017ca, \u017ce zmiana prawa mo\u017ce pom\u00f3c w rozwoju Doliny Coachella, gdzie tury\u015bci \u2013 w tym z Kanady \u2013 s\u0105 kluczowym elementem lokalnej gospodarki. Z kolei Laurel Lee z Florydy podkre\u015bli\u0142a, \u017ce kanadyjscy go\u015bcie co roku wnosz\u0105 ogromne \u015brodki do lokalnych spo\u0142eczno\u015bci i rynku nieruchomo\u015bci.<\/p>\n<p>Evan Green, ekspert imigracyjny z kancelarii Green and Spiegel w Toronto, pozytywnie oceni\u0142 inicjatyw\u0119. Wed\u0142ug niego mo\u017ce ona symbolizowa\u0107 nowy rozdzia\u0142 w relacjach mi\u0119dzy Kanad\u0105 a USA po okresie napi\u0119\u0107 politycznych, ce\u0142 i ostrych wypowiedzi by\u0142ego prezydenta Donalda Trumpa. Doda\u0142, \u017ce propozycja ustawy mo\u017ce by\u0107 odbierana jako gest otwarcia ze strony USA.<\/p>\n<p>Rosanna Berardi, prawniczka imigracyjna z Buffalo, wskaza\u0142a, \u017ce ustawa zapewni wi\u0119ksz\u0105 elastyczno\u015b\u0107 kanadyjskim seniorom, umo\u017cliwiaj\u0105c im cz\u0119stsze i d\u0142u\u017csze pobyty w USA. Podkre\u015bli\u0142a, \u017ce to rzadki przypadek, kiedy w\u0142adze USA oferuj\u0105 co\u015b obywatelom innego kraju, zamiast wprowadza\u0107 kolejne ograniczenia.<\/p>\n<p>Mimo pozytywnego odbioru w\u015br\u00f3d prawnik\u00f3w, projekt ustawy wzbudzi\u0142 pewne zastrze\u017cenia w Kanadzie. Anthony Quinn z Kanadyjskiego Stowarzyszenia Emeryt\u00f3w (CARP) zauwa\u017cy\u0142, \u017ce zmiana dotyczy tylko niewielkiej, zamo\u017cnej grupy Kanadyjczyk\u00f3w. Jego zdaniem mo\u017ce to mie\u0107 negatywne skutki dla Kanady \u2013 zar\u00f3wno gospodarcze, jak i zdrowotne. Osoby przebywaj\u0105ce za granic\u0105 ponad p\u00f3\u0142 roku mog\u0105 straci\u0107 prawo do publicznej opieki zdrowotnej, np. w Ontario trzeba sp\u0119dzi\u0107 minimum 153 dni rocznie w prowincji, aby utrzyma\u0107 ubezpieczenie.<\/p>\n<p>Quinn ostrzega r\u00f3wnie\u017c, \u017ce d\u0142u\u017cszy pobyt w USA mo\u017ce rodzi\u0107 konsekwencje podatkowe. Jak zaznaczy\u0142, \u201eAmerykanie zyskuj\u0105, gdy Kanadyjczycy zostaj\u0105 d\u0142u\u017cej, bo jeste\u015bmy idealnymi turystami \u2013 i wydajemy sporo pieni\u0119dzy\u201d.<\/p>\n<p>Wprowadzenie projektu nast\u0119puje w kontek\u015bcie zaostrzenia przepis\u00f3w dotycz\u0105cych rejestracji pobyt\u00f3w. Od 11 kwietnia wszyscy przebywaj\u0105cy w USA ponad 30 dni \u2013 w tym Kanadyjczycy \u2013 musz\u0105 si\u0119 zarejestrowa\u0107 w systemie federalnym. W przeciwnym razie gro\u017c\u0105 im sankcje, w tym grzywny i kary wi\u0119zienia. Mimo pocz\u0105tkowych obaw Rosanna Berardi zauwa\u017cy\u0142a, \u017ce jej klienci bez wi\u0119kszych trudno\u015bci dostosowali si\u0119 do nowych zasad.<\/p>\n","protected":false},"excerpt":{"rendered":"<p>W Kongresie Stan\u00f3w Zjednoczonych pojawi\u0142 si\u0119 projekt ustawy nazwany \u201eCanadian Snowbird Visa Act\u201d, kt\u00f3ry mia\u0142by pozwoli\u0107 niekt\u00f3rym Kanadyjczykom sp\u0119dza\u0107 wi\u0119cej czasu w USA bez konieczno\u015bci&hellip;<\/p>\n","protected":false},"author":3,"featured_media":1185,"comment_status":"open","ping_status":"open","sticky":false,"template":"","format":"standard","meta":{"footnotes":""},"categories":[15,18],"tags":[],"class_list":["post-1184","post","type-post","status-publish","format-standard","has-post-thumbnail","hentry","category-swiat","category-top-news"],"_links":{"self":[{"href":"https:\/\/radiopoloniawinnipeg.com\/index.php\/wp-json\/wp\/v2\/posts\/1184","targetHints":{"allow":["GET"]}}],"collection":[{"href":"https:\/\/radiopoloniawinnipeg.com\/index.php\/wp-json\/wp\/v2\/posts"}],"about":[{"href":"https:\/\/radiopoloniawinnipeg.com\/index.php\/wp-json\/wp\/v2\/types\/post"}],"author":[{"embeddable":true,"href":"https:\/\/radiopoloniawinnipeg.com\/index.php\/wp-json\/wp\/v2\/users\/3"}],"replies":[{"embeddable":true,"href":"https:\/\/radiopoloniawinnipeg.com\/index.php\/wp-json\/wp\/v2\/comments?post=1184"}],"version-history":[{"count":0,"href":"https:\/\/radiopoloniawinnipeg.com\/index.php\/wp-json\/wp\/v2\/posts\/1184\/revisions"}],"wp:featuredmedia":[{"embeddable":true,"href":"https:\/\/radiopoloniawinnipeg.com\/index.php\/wp-json\/wp\/v2\/media\/1185"}],"wp:attachment":[{"href":"https:\/\/radiopoloniawinnipeg.com\/index.php\/wp-json\/wp\/v2\/media?parent=1184"}],"wp:term":[{"taxonomy":"category","embeddable":true,"href":"https:\/\/radiopoloniawinnipeg.com\/index.php\/wp-json\/wp\/v2\/categories?post=1184"},{"taxonomy":"post_tag","embeddable":true,"href":"https:\/\/radiopoloniawinnipeg.com\/index.php\/wp-json\/wp\/v2\/tags?post=1184"}],"curies":[{"name":"wp","href":"https:\/\/api.w.org\/{rel}","templated":true}]}}