{"id":1192,"date":"2025-05-11T08:15:06","date_gmt":"2025-05-11T12:15:06","guid":{"rendered":"https:\/\/radiopoloniawinnipeg.com\/index.php\/2025\/05\/11\/polak-zlinczowany-w-meksyku-omylkowo-wziety-za-porywacza-dzieci\/"},"modified":"2025-05-11T08:15:06","modified_gmt":"2025-05-11T12:15:06","slug":"polak-zlinczowany-w-meksyku-omylkowo-wziety-za-porywacza-dzieci","status":"publish","type":"post","link":"https:\/\/radiopoloniawinnipeg.com\/index.php\/2025\/05\/11\/polak-zlinczowany-w-meksyku-omylkowo-wziety-za-porywacza-dzieci\/","title":{"rendered":"Polak zlinczowany w Meksyku. Omy\u0142kowo wzi\u0119ty za porywacza dzieci"},"content":{"rendered":"<p><img decoding=\"async\" loading=\"lazy\" class=\"aligncenter size-custom-full-size wp-image-211564\" src=\"https:\/\/bejsment.com\/wp-content\/uploads\/2025\/05\/aameksyk2-636x395.jpg\" alt=\"\" width=\"636\" height=\"395\" \/><\/p>\n<p><strong>35-letni Polak zgin\u0105\u0142 w brutalnym ataku na ulicy w Tijuanie, po tym jak zosta\u0142 omy\u0142kowo uznany za porywacza dziecka. \u015amier\u0107 m\u0119\u017cczyzny, kt\u00f3ry najprawdopodobniej szuka\u0142 jedynie pomocy, wstrz\u0105sn\u0119\u0142a opini\u0105 publiczn\u0105.<\/strong><\/p>\n<p>Meksyka\u0144ska prokuratura wszcz\u0119\u0142a \u015bledztwo w sprawie \u015bmierci 35-letniego obywatela Polski, kt\u00f3ry zosta\u0142 \u015bmiertelnie pobity i ugodzony no\u017cem w Tijuanie, w stanie Baja California. Wszystko wskazuje na to, \u017ce m\u0119\u017cczyzna m\u00f3g\u0142 zosta\u0107 omy\u0142kowo uznany za porywacza dziecka.<\/p>\n<p>Do tragedii dosz\u0142o w czwartek 8 maja na osiedlu Granjas Familiares II. Jak relacjonuje portal <em>Infobae<\/em>, Polak, kt\u00f3ry nie m\u00f3wi\u0142 po hiszpa\u0144sku, mia\u0142 poprosi\u0107 o pomoc przypadkow\u0105 kobiet\u0119 i jej pi\u0119cioletniego syna. Wed\u0142ug \u015bwiadk\u00f3w zachowywa\u0142 si\u0119 niespokojnie i chaotycznie, co wzbudzi\u0142o niepok\u00f3j przechodni\u00f3w.<\/p>\n<p>Wed\u0142ug dalszych relacji, m\u0119\u017cczyzna mia\u0142 gwa\u0142townie obj\u0105\u0107 dziecko i za\u0142o\u017cy\u0107 mu okulary przeciws\u0142oneczne. Matka ch\u0142opca zinterpretowa\u0142a to jako pr\u00f3b\u0119 porwania i zacz\u0119\u0142a krzycze\u0107. Na jej wo\u0142anie zareagowali przechodnie, kt\u00f3rzy obezw\u0142adnili Polaka. W trakcie szarpaniny zosta\u0142 brutalnie pobity, a nast\u0119pnie ugodzony no\u017cem przez kierowc\u0119 taks\u00f3wki.<\/p>\n<p>Napastnik zosta\u0142 zatrzymany i przes\u0142uchany, a \u015bledczy badaj\u0105, czy w ataku bra\u0142y udzia\u0142 tak\u017ce inne osoby. Prokurator generalna stanu Baja California Mar\u00eda Elena Andrade Ram\u00edrez poinformowa\u0142a, \u017ce zachowanie Polaka mog\u0142o wskazywa\u0107 na problemy psychiczne lub odurzenie. Zlecono sekcj\u0119 zw\u0142ok i badania toksykologiczne.<\/p>\n<p>\u2014 Nie dosz\u0142o do \u017cadnego bezprawnego pozbawienia wolno\u015bci. Na pierwszy rzut oka wygl\u0105da na to, \u017ce by\u0142o to niekontrolowane zachowanie tej osoby \u2014 powiedzia\u0142a Ram\u00edrez.<\/p>\n<p>Prokuratura analizuje zapisy monitoringu z miejsca zdarzenia, kt\u00f3re maj\u0105 wskazywa\u0107, \u017ce jeszcze przed atakiem Polak spokojnie prosi\u0142 o pomoc ulicznych sprzedawc\u00f3w.<\/p>\n<p>Tymczasem lokalne media, w tym portal <em>Zona Norte Noticias<\/em>, informuj\u0105, \u017ce \u015bwiadkowie tragedii zamiast interweniowa\u0107, nagrywali ca\u0142e zaj\u015bcie telefonami kom\u00f3rkowymi. W sieci kr\u0105\u017c\u0105 drastyczne nagrania dokumentuj\u0105ce przebieg linczu.<\/p>\n<p>Ambasada RP w Meksyku zosta\u0142a poinformowana o tragedii i podejmuje dzia\u0142ania w tej sprawie. \u015aledczy nie wykluczaj\u0105 \u017cadnego scenariusza \u2013 post\u0119powanie jest w toku.<\/p>\n<p>Z informacji przekazanych przez serwis <em>Nowe \u017bycie Pabianic<\/em> wynika, \u017ce ofiara mia\u0142a kryminaln\u0105 przesz\u0142o\u015b\u0107 \u2013 w 2016 roku zosta\u0142a skazana na osiem lat wi\u0119zienia za pobicie ze skutkiem \u015bmiertelnym.<\/p>\n<p style=\"text-align: right\"><em>Na podst. Polsat News<\/em><\/p>\n","protected":false},"excerpt":{"rendered":"<p>35-letni Polak zgin\u0105\u0142 w brutalnym ataku na ulicy w Tijuanie, po tym jak zosta\u0142 omy\u0142kowo uznany za porywacza dziecka. \u015amier\u0107 m\u0119\u017cczyzny, kt\u00f3ry najprawdopodobniej szuka\u0142 jedynie&hellip;<\/p>\n","protected":false},"author":3,"featured_media":1193,"comment_status":"open","ping_status":"open","sticky":false,"template":"","format":"standard","meta":{"footnotes":""},"categories":[15,18],"tags":[],"class_list":["post-1192","post","type-post","status-publish","format-standard","has-post-thumbnail","hentry","category-swiat","category-top-news"],"_links":{"self":[{"href":"https:\/\/radiopoloniawinnipeg.com\/index.php\/wp-json\/wp\/v2\/posts\/1192","targetHints":{"allow":["GET"]}}],"collection":[{"href":"https:\/\/radiopoloniawinnipeg.com\/index.php\/wp-json\/wp\/v2\/posts"}],"about":[{"href":"https:\/\/radiopoloniawinnipeg.com\/index.php\/wp-json\/wp\/v2\/types\/post"}],"author":[{"embeddable":true,"href":"https:\/\/radiopoloniawinnipeg.com\/index.php\/wp-json\/wp\/v2\/users\/3"}],"replies":[{"embeddable":true,"href":"https:\/\/radiopoloniawinnipeg.com\/index.php\/wp-json\/wp\/v2\/comments?post=1192"}],"version-history":[{"count":0,"href":"https:\/\/radiopoloniawinnipeg.com\/index.php\/wp-json\/wp\/v2\/posts\/1192\/revisions"}],"wp:featuredmedia":[{"embeddable":true,"href":"https:\/\/radiopoloniawinnipeg.com\/index.php\/wp-json\/wp\/v2\/media\/1193"}],"wp:attachment":[{"href":"https:\/\/radiopoloniawinnipeg.com\/index.php\/wp-json\/wp\/v2\/media?parent=1192"}],"wp:term":[{"taxonomy":"category","embeddable":true,"href":"https:\/\/radiopoloniawinnipeg.com\/index.php\/wp-json\/wp\/v2\/categories?post=1192"},{"taxonomy":"post_tag","embeddable":true,"href":"https:\/\/radiopoloniawinnipeg.com\/index.php\/wp-json\/wp\/v2\/tags?post=1192"}],"curies":[{"name":"wp","href":"https:\/\/api.w.org\/{rel}","templated":true}]}}