{"id":1235,"date":"2025-05-12T12:15:03","date_gmt":"2025-05-12T16:15:03","guid":{"rendered":"https:\/\/radiopoloniawinnipeg.com\/index.php\/2025\/05\/12\/rosja-bedzie-szantazowac-zachod-wraca-problem-bosni-i-hercegowiny\/"},"modified":"2025-05-12T12:15:03","modified_gmt":"2025-05-12T16:15:03","slug":"rosja-bedzie-szantazowac-zachod-wraca-problem-bosni-i-hercegowiny","status":"publish","type":"post","link":"https:\/\/radiopoloniawinnipeg.com\/index.php\/2025\/05\/12\/rosja-bedzie-szantazowac-zachod-wraca-problem-bosni-i-hercegowiny\/","title":{"rendered":"Rosja b\u0119dzie szanta\u017cowa\u0107 Zach\u00f3d. Wraca problem Bo\u015bni i Hercegowiny"},"content":{"rendered":"<p><img decoding=\"async\" loading=\"lazy\" class=\"aligncenter size-custom-full-size wp-image-211617\" src=\"https:\/\/bejsment.com\/wp-content\/uploads\/2025\/05\/aadodikputin2-636x358.jpg\" alt=\"\" width=\"636\" height=\"358\" \/><\/p>\n<p><strong>Milorad Dodik, prezydent Republiki Serbskiej w Bo\u015bni i Hercegowinie, zapowiedzia\u0142 wniosek o rosyjskie gwarancje bezpiecze\u0144stwa. Bo\u015bniacka prokuratura prowadzi przeciwko niemu \u015bledztwo w sprawie pr\u00f3by podwa\u017cenia porz\u0105dku konstytucyjnego.<\/strong><\/p>\n<p>Prezydent Republiki Serbskiej, autonomicznej i wi\u0119kszo\u015bciowo serbskiej cz\u0119\u015bci Bo\u015bni i Hercegowiny, Milorad Dodik, zapowiedzia\u0142 z\u0142o\u017cenie wniosku do Rosji o udzielenie gwarancji bezpiecze\u0144stwa. Bo\u015bniacka prokuratura prowadzi tymczasem \u015bledztwo w sprawie rzekomego zamachu na porz\u0105dek konstytucyjny pa\u0144stwa, w kt\u00f3rym Dodik jest jedn\u0105 z g\u0142\u00f3wnych postaci.<\/p>\n<p>\u2013 To, co chcemy zaproponowa\u0107 Rosji i czego b\u0119dziemy od niej oczekiwa\u0107, to pakiet kwestii okre\u015blanych jako wsparcie bezpiecze\u0144stwa \u2013 powiedzia\u0142 Dodik w rozmowie z mediami z Republiki Serbskiej podczas wizyty w Moskwie. \u2013 Nie u\u017cywaj\u0105c tego s\u0142owa wprost, m\u00f3wimy o gwarancjach politycznych i terytorialnych.<\/p>\n<p>Dodik, kt\u00f3ry od dawna prowadzi prorosyjsk\u0105 polityk\u0119 i nie ukrywa ch\u0119ci oderwania swojej jednostki od Bo\u015bni i Hercegowiny, uczestniczy\u0142 w Moskwie w obchodach tzw. \u201ednia zwyci\u0119stwa\u201d. Wed\u0142ug jego relacji, podczas wizyty spotka\u0142 si\u0119 a\u017c cztery razy z prezydentem W\u0142adimirem Putinem.<\/p>\n<p>\u2013 Uzgodnili\u015bmy kontynuacj\u0119 wsp\u00f3lnych dzia\u0142a\u0144. Prezydent Putin powiedzia\u0142, \u017ce pozostaniemy w sta\u0142ym kontakcie \u2013 podkre\u015bli\u0142 Dodik.<\/p>\n<h3><strong>\u015aledztwo i nakazy aresztowania<\/strong><\/h3>\n<p>Prokuratura BiH prowadzi post\u0119powanie przeciwko prezydentowi Republiki Serbskiej, a tak\u017ce premierowi i przewodnicz\u0105cemu jej parlamentu. Zarzuty dotycz\u0105 pr\u00f3by podwa\u017cenia porz\u0105dku konstytucyjnego kraju. S\u0105d w Sarajewie wyda\u0142 og\u00f3lnokrajowy nakaz aresztowania wobec wszystkich trzech polityk\u00f3w.<\/p>\n<p>Milorad Dodik od 2022 roku figuruje na li\u015bcie sankcyjnej Stan\u00f3w Zjednoczonych. Waszyngton oskar\u017ca go o dzia\u0142ania zagra\u017caj\u0105ce realizacji porozumienia z Dayton, kt\u00f3re w 1995 roku zako\u0144czy\u0142o krwaw\u0105 wojn\u0119 domow\u0105 w Bo\u015bni, oraz o korupcj\u0119.<\/p>\n<p>W 2023 roku w wywiadzie dla rosyjskiej telewizji RT Dodik otwarcie przyzna\u0142, \u017ce jego celem jest pe\u0142na niepodleg\u0142o\u015b\u0107 Republiki Serbskiej.<\/p>\n<p style=\"text-align: right\"><em>Na podst. AP<\/em><\/p>\n","protected":false},"excerpt":{"rendered":"<p>Milorad Dodik, prezydent Republiki Serbskiej w Bo\u015bni i Hercegowinie, zapowiedzia\u0142 wniosek o rosyjskie gwarancje bezpiecze\u0144stwa. Bo\u015bniacka prokuratura prowadzi przeciwko niemu \u015bledztwo w sprawie pr\u00f3by podwa\u017cenia&hellip;<\/p>\n","protected":false},"author":3,"featured_media":1236,"comment_status":"open","ping_status":"open","sticky":false,"template":"","format":"standard","meta":{"footnotes":""},"categories":[15,18],"tags":[],"class_list":["post-1235","post","type-post","status-publish","format-standard","has-post-thumbnail","hentry","category-swiat","category-top-news"],"_links":{"self":[{"href":"https:\/\/radiopoloniawinnipeg.com\/index.php\/wp-json\/wp\/v2\/posts\/1235","targetHints":{"allow":["GET"]}}],"collection":[{"href":"https:\/\/radiopoloniawinnipeg.com\/index.php\/wp-json\/wp\/v2\/posts"}],"about":[{"href":"https:\/\/radiopoloniawinnipeg.com\/index.php\/wp-json\/wp\/v2\/types\/post"}],"author":[{"embeddable":true,"href":"https:\/\/radiopoloniawinnipeg.com\/index.php\/wp-json\/wp\/v2\/users\/3"}],"replies":[{"embeddable":true,"href":"https:\/\/radiopoloniawinnipeg.com\/index.php\/wp-json\/wp\/v2\/comments?post=1235"}],"version-history":[{"count":0,"href":"https:\/\/radiopoloniawinnipeg.com\/index.php\/wp-json\/wp\/v2\/posts\/1235\/revisions"}],"wp:featuredmedia":[{"embeddable":true,"href":"https:\/\/radiopoloniawinnipeg.com\/index.php\/wp-json\/wp\/v2\/media\/1236"}],"wp:attachment":[{"href":"https:\/\/radiopoloniawinnipeg.com\/index.php\/wp-json\/wp\/v2\/media?parent=1235"}],"wp:term":[{"taxonomy":"category","embeddable":true,"href":"https:\/\/radiopoloniawinnipeg.com\/index.php\/wp-json\/wp\/v2\/categories?post=1235"},{"taxonomy":"post_tag","embeddable":true,"href":"https:\/\/radiopoloniawinnipeg.com\/index.php\/wp-json\/wp\/v2\/tags?post=1235"}],"curies":[{"name":"wp","href":"https:\/\/api.w.org\/{rel}","templated":true}]}}