{"id":1275,"date":"2025-05-14T07:30:04","date_gmt":"2025-05-14T11:30:04","guid":{"rendered":"https:\/\/radiopoloniawinnipeg.com\/index.php\/2025\/05\/14\/niespodziewany-gosc-na-wiecu-nawrockiego-w-zabrzu\/"},"modified":"2025-05-14T07:30:04","modified_gmt":"2025-05-14T11:30:04","slug":"niespodziewany-gosc-na-wiecu-nawrockiego-w-zabrzu","status":"publish","type":"post","link":"https:\/\/radiopoloniawinnipeg.com\/index.php\/2025\/05\/14\/niespodziewany-gosc-na-wiecu-nawrockiego-w-zabrzu\/","title":{"rendered":"Niespodziewany go\u015b\u0107 na wiecu Nawrockiego w Zabrzu"},"content":{"rendered":"<p><img decoding=\"async\" loading=\"lazy\" class=\"aligncenter size-custom-full-size wp-image-211743\" src=\"https:\/\/bejsment.com\/wp-content\/uploads\/2025\/05\/aanawrockisimion-636x358.jpg\" alt=\"\" width=\"636\" height=\"358\" \/><\/p>\n<p><strong>Na pi\u0119\u0107 dni przed wyborami prezydenckimi w Polsce i Rumunii Karol Nawrocki, kandydat wspierany przez PiS, zorganizowa\u0142 wiec w Zabrzu, na kt\u00f3rym pojawi\u0142 si\u0119 George Simion \u2013 lider rumu\u0144skiej prawicy i zwyci\u0119zca pierwszej tury tamtejszych wybor\u00f3w prezydenckich. Wsp\u00f3lne wyst\u0105pienie obu polityk\u00f3w wywo\u0142a\u0142o polityczn\u0105 burz\u0119.<\/strong><\/p>\n<p>Karol Nawrocki otwarcie pogratulowa\u0142 mieszka\u0144com Zabrza odwo\u0142ania w niedzielnym referendum prezydent miasta wspieranej przez Koalicj\u0119 Obywatelsk\u0105. Przywita\u0142 r\u00f3wnie\u017c Simiona s\u0142owami: \u2013 Przysz\u0142y prezydent Rumunii, przysz\u0142y prezydent Polski.<\/p>\n<p>W swoim przem\u00f3wieniu Nawrocki zapowiedzia\u0142, \u017ce w przypadku zwyci\u0119stwa w wyborach 18 maja, b\u0119dzie wsp\u00f3lnie z Rumuni\u0105 d\u0105\u017cy\u0107 do budowy \u201eEuropy warto\u015bci, Europy ojczyzn\u201d, przeciwstawiaj\u0105cej si\u0119 dalszej centralizacji Unii Europejskiej. \u2013 Polska i Rumunia nie b\u0119d\u0105 wojew\u00f3dztwami UE \u2013 m\u00f3wi\u0142 szef IPN. Doda\u0142, \u017ce kluczowe znaczenie b\u0119d\u0105 mia\u0142y tak\u017ce relacje w ramach Bukareszta\u0144skiej Dziewi\u0105tki oraz sojusz ze Stanami Zjednoczonymi.<\/p>\n<h3><strong>Simion: Trump symbolem wolno\u015bci<\/strong><\/h3>\n<p>George Simion, lider prawicowej partii AUR, w ostrym tonie skrytykowa\u0142 obecn\u0105 Uni\u0119 Europejsk\u0105. \u2013 To czas, by zn\u00f3w walczy\u0107 o wolno\u015b\u0107: dla naszych praw, naszej chrze\u015bcija\u0144skiej rodziny, za nasze kraje \u2013 m\u00f3wi\u0142.<\/p>\n<p>Wzywa\u0142 do sojuszu narod\u00f3w europejskich opartych na wsp\u00f3lnych warto\u015bciach i ostrzega\u0142, \u017ce jego zwyci\u0119stwo w Rumunii nie wystarczy bez wsparcia ze strony takich kraj\u00f3w jak Polska. \u2013 Potrzebujemy braci. Wy jeste\u015bcie naszymi bra\u0107mi \u2013 zwr\u00f3ci\u0142 si\u0119 do uczestnik\u00f3w wiecu.<\/p>\n<p>Simion nie kry\u0142 tak\u017ce sympatii dla Donalda Trumpa, nazywaj\u0105c go \u201esymbolem walki o wolno\u015b\u0107\u201d. \u2013 Najpot\u0119\u017cniejszy cz\u0142owiek na \u015bwiecie wspiera Karola Nawrockiego \u2013 stwierdzi\u0142.<\/p>\n<h3><strong>Tusk odpowiada: \u201eWszystko jasne\u201d<\/strong><\/h3>\n<p>Do wyst\u0105pienia obu polityk\u00f3w odni\u00f3s\u0142 si\u0119 premier Donald Tusk. Na platformie X napisa\u0142:<br \/>\n\u201eRosja si\u0119 cieszy. Nawrocki i jego prorosyjski rumu\u0144ski odpowiednik George Simion na jednej scenie pi\u0119\u0107 dni przed wyborami prezydenckimi w Polsce i Rumunii. Wszystko jasne.\u201d<\/p>\n<p>Na ripost\u0119 nie trzeba by\u0142o d\u0142ugo czeka\u0107. George Simion opublikowa\u0142 na X zdj\u0119cie Tuska z W\u0142adimirem Putinem, zrobione po katastrofie smole\u0144skiej, opatruj\u0105c je komentarzem: <em>\u201eEverything is clear\u201d<\/em>.<\/p>\n<p>W najbli\u017csz\u0105 niedziel\u0119 Simion zmierzy si\u0119 w drugiej turze rumu\u0144skich wybor\u00f3w prezydenckich z proeuropejskim burmistrzem Bukaresztu, Nicusorem Danem.<\/p>\n<p style=\"text-align: right\"><em>Na podst. Polsat News, Republika<\/em><\/p>\n","protected":false},"excerpt":{"rendered":"<p>Na pi\u0119\u0107 dni przed wyborami prezydenckimi w Polsce i Rumunii Karol Nawrocki, kandydat wspierany przez PiS, zorganizowa\u0142 wiec w Zabrzu, na kt\u00f3rym pojawi\u0142 si\u0119 George&hellip;<\/p>\n","protected":false},"author":3,"featured_media":1276,"comment_status":"open","ping_status":"open","sticky":false,"template":"","format":"standard","meta":{"footnotes":""},"categories":[14,18],"tags":[],"class_list":["post-1275","post","type-post","status-publish","format-standard","has-post-thumbnail","hentry","category-polska","category-top-news"],"_links":{"self":[{"href":"https:\/\/radiopoloniawinnipeg.com\/index.php\/wp-json\/wp\/v2\/posts\/1275","targetHints":{"allow":["GET"]}}],"collection":[{"href":"https:\/\/radiopoloniawinnipeg.com\/index.php\/wp-json\/wp\/v2\/posts"}],"about":[{"href":"https:\/\/radiopoloniawinnipeg.com\/index.php\/wp-json\/wp\/v2\/types\/post"}],"author":[{"embeddable":true,"href":"https:\/\/radiopoloniawinnipeg.com\/index.php\/wp-json\/wp\/v2\/users\/3"}],"replies":[{"embeddable":true,"href":"https:\/\/radiopoloniawinnipeg.com\/index.php\/wp-json\/wp\/v2\/comments?post=1275"}],"version-history":[{"count":0,"href":"https:\/\/radiopoloniawinnipeg.com\/index.php\/wp-json\/wp\/v2\/posts\/1275\/revisions"}],"wp:featuredmedia":[{"embeddable":true,"href":"https:\/\/radiopoloniawinnipeg.com\/index.php\/wp-json\/wp\/v2\/media\/1276"}],"wp:attachment":[{"href":"https:\/\/radiopoloniawinnipeg.com\/index.php\/wp-json\/wp\/v2\/media?parent=1275"}],"wp:term":[{"taxonomy":"category","embeddable":true,"href":"https:\/\/radiopoloniawinnipeg.com\/index.php\/wp-json\/wp\/v2\/categories?post=1275"},{"taxonomy":"post_tag","embeddable":true,"href":"https:\/\/radiopoloniawinnipeg.com\/index.php\/wp-json\/wp\/v2\/tags?post=1275"}],"curies":[{"name":"wp","href":"https:\/\/api.w.org\/{rel}","templated":true}]}}