{"id":1281,"date":"2025-05-14T12:30:08","date_gmt":"2025-05-14T16:30:08","guid":{"rendered":"https:\/\/radiopoloniawinnipeg.com\/index.php\/2025\/05\/14\/leon-xiv-chce-mediowac\/"},"modified":"2025-05-14T12:30:08","modified_gmt":"2025-05-14T16:30:08","slug":"leon-xiv-chce-mediowac","status":"publish","type":"post","link":"https:\/\/radiopoloniawinnipeg.com\/index.php\/2025\/05\/14\/leon-xiv-chce-mediowac\/","title":{"rendered":"Leon XIV chce mediowa\u0107"},"content":{"rendered":"<p><img decoding=\"async\" loading=\"lazy\" class=\"aligncenter size-custom-full-size wp-image-211758\" src=\"https:\/\/bejsment.com\/wp-content\/uploads\/2025\/05\/aamediator2-636x358.jpg\" alt=\"\" width=\"636\" height=\"358\" \/><\/p>\n<p><strong>Papie\u017c Leon XIV zaproponowa\u0142 obj\u0119cie roli mediatora w rozmowach pokojowych mi\u0119dzy pa\u0144stwami tocz\u0105cymi konflikty zbrojne. \u2013 Do\u0142o\u017c\u0119 wszelkich stara\u0144, aby pok\u00f3j zapanowa\u0142 \u2013 zadeklarowa\u0142 podczas \u015brodowej audiencji, apeluj\u0105c do \u015bwiatowych przyw\u00f3dc\u00f3w o dialog.<\/strong><\/p>\n<p>\u2013 Stolica Apostolska jest zawsze gotowa pom\u00f3c w zjednoczeniu wrog\u00f3w, twarz\u0105 w twarz, \u017ceby ze sob\u0105 porozmawiali. Ludzie na ca\u0142ym \u015bwiecie pragn\u0105 pokoju. Spotkajmy si\u0119, porozmawiajmy, negocjujmy! \u2013 powiedzia\u0142 papie\u017c.<\/p>\n<p>Leon XIV podkre\u015bli\u0142, \u017ce wojna nigdy nie jest nieunikniona, a bro\u0144 nie rozwi\u0105zuje problem\u00f3w \u2013 tylko je pog\u0142\u0119bia. \u2013 Inni nie s\u0105 naszymi wrogami, lecz lud\u017ami \u2013 nie z\u0142ymi, by ich nienawidzi\u0107, lecz osobami, z kt\u00f3rymi trzeba rozmawia\u0107. Odrzu\u0107my manichejskie podzia\u0142y, kt\u00f3re w narracjach przemocy dziel\u0105 \u015bwiat na dobrych i z\u0142ych \u2013 apelowa\u0142.<\/p>\n<p>Na zako\u0144czenie zwr\u00f3ci\u0142 si\u0119 z podzi\u0119kowaniem do tych, kt\u00f3rzy \u201esiej\u0105 ziarna pokoju\u201d i nie uciekli z w\u0142asnych pa\u0144stw w czasie wojen.<\/p>\n<h3><strong>Ze\u0142enski: rozmowa z papie\u017cem by\u0142a ciep\u0142a i merytoryczna<\/strong><\/h3>\n<p>W poniedzia\u0142ek papie\u017c rozmawia\u0142 telefonicznie z prezydentem Ukrainy Wo\u0142odymyrem Ze\u0142enskim. Jak poinformowa\u0142 ukrai\u0144ski przyw\u00f3dca, rozmowa by\u0142a \u201eciep\u0142a i merytoryczna\u201d. Zaprosi\u0142 r\u00f3wnie\u017c Leona XIV do z\u0142o\u017cenia wizyty w Ukrainie. Gdyby do niej dosz\u0142o, by\u0142aby to pierwsza podr\u00f3\u017c papieska do tego kraju od czas\u00f3w Jana Paw\u0142a II.<\/p>\n<p>\u2013 Ukraina liczy na pomoc Watykanu w sprowadzeniu naszych obywateli do dom\u00f3w rodzinnych. Potwierdzi\u0142em r\u00f3wnie\u017c gotowo\u015b\u0107 do dalszych negocjacji w dowolnym formacie \u2013 napisa\u0142 Ze\u0142enski w mediach spo\u0142eczno\u015bciowych.<\/p>\n<p>W rozmowie z francuskim dziennikiem \u201eLib\u00e9ration\u201d Ze\u0142enski zdradzi\u0142, \u017ce spotkanie z papie\u017cem mo\u017ce odby\u0107 si\u0119 ju\u017c 18 maja, ale zaznaczy\u0142, \u017ce jego termin zale\u017cy bezpo\u015brednio od wyniku rozm\u00f3w z Rosj\u0105 zaplanowanych na niedziel\u0119.<\/p>\n<p>\u2013 Prawdopodobnie w niedziel\u0119, je\u015bli wszystko p\u00f3jdzie zgodnie z planem. Ale nie wiemy jeszcze, jak zako\u0144czy si\u0119 ten tydzie\u0144. Osi\u0105gn\u0119li\u015bmy punkt, w kt\u00f3rym nie wiemy, co przyniesie jutro \u2013 powiedzia\u0142 Ze\u0142enski.<\/p>\n<p style=\"text-align: right\"><em>Na podst. Polsat News<\/em><\/p>\n","protected":false},"excerpt":{"rendered":"<p>Papie\u017c Leon XIV zaproponowa\u0142 obj\u0119cie roli mediatora w rozmowach pokojowych mi\u0119dzy pa\u0144stwami tocz\u0105cymi konflikty zbrojne. \u2013 Do\u0142o\u017c\u0119 wszelkich stara\u0144, aby pok\u00f3j zapanowa\u0142 \u2013 zadeklarowa\u0142 podczas&hellip;<\/p>\n","protected":false},"author":3,"featured_media":1282,"comment_status":"open","ping_status":"open","sticky":false,"template":"","format":"standard","meta":{"footnotes":""},"categories":[15,18],"tags":[],"class_list":["post-1281","post","type-post","status-publish","format-standard","has-post-thumbnail","hentry","category-swiat","category-top-news"],"_links":{"self":[{"href":"https:\/\/radiopoloniawinnipeg.com\/index.php\/wp-json\/wp\/v2\/posts\/1281","targetHints":{"allow":["GET"]}}],"collection":[{"href":"https:\/\/radiopoloniawinnipeg.com\/index.php\/wp-json\/wp\/v2\/posts"}],"about":[{"href":"https:\/\/radiopoloniawinnipeg.com\/index.php\/wp-json\/wp\/v2\/types\/post"}],"author":[{"embeddable":true,"href":"https:\/\/radiopoloniawinnipeg.com\/index.php\/wp-json\/wp\/v2\/users\/3"}],"replies":[{"embeddable":true,"href":"https:\/\/radiopoloniawinnipeg.com\/index.php\/wp-json\/wp\/v2\/comments?post=1281"}],"version-history":[{"count":0,"href":"https:\/\/radiopoloniawinnipeg.com\/index.php\/wp-json\/wp\/v2\/posts\/1281\/revisions"}],"wp:featuredmedia":[{"embeddable":true,"href":"https:\/\/radiopoloniawinnipeg.com\/index.php\/wp-json\/wp\/v2\/media\/1282"}],"wp:attachment":[{"href":"https:\/\/radiopoloniawinnipeg.com\/index.php\/wp-json\/wp\/v2\/media?parent=1281"}],"wp:term":[{"taxonomy":"category","embeddable":true,"href":"https:\/\/radiopoloniawinnipeg.com\/index.php\/wp-json\/wp\/v2\/categories?post=1281"},{"taxonomy":"post_tag","embeddable":true,"href":"https:\/\/radiopoloniawinnipeg.com\/index.php\/wp-json\/wp\/v2\/tags?post=1281"}],"curies":[{"name":"wp","href":"https:\/\/api.w.org\/{rel}","templated":true}]}}