{"id":1283,"date":"2025-05-14T14:00:07","date_gmt":"2025-05-14T18:00:07","guid":{"rendered":"https:\/\/radiopoloniawinnipeg.com\/index.php\/2025\/05\/14\/ontario-i-manitoba-podpisuja-porozumienie-w-sprawie-zniesienia-barier-handlowych\/"},"modified":"2025-05-14T14:00:07","modified_gmt":"2025-05-14T18:00:07","slug":"ontario-i-manitoba-podpisuja-porozumienie-w-sprawie-zniesienia-barier-handlowych","status":"publish","type":"post","link":"https:\/\/radiopoloniawinnipeg.com\/index.php\/2025\/05\/14\/ontario-i-manitoba-podpisuja-porozumienie-w-sprawie-zniesienia-barier-handlowych\/","title":{"rendered":"Ontario i Manitoba podpisuj\u0105 porozumienie w sprawie zniesienia barier handlowych"},"content":{"rendered":"<p class=\"\" data-start=\"86\" data-end=\"359\"><strong>Premier Ontario Doug Ford oraz premier Manitoby Wab Kinew podpisali w \u015brod\u0119 memorandum o wsp\u00f3\u0142pracy maj\u0105ce na celu ograniczenie prowincyjnych barier handlowych, w kontek\u015bcie trwaj\u0105cej wojny handlowej ze Stanami Zjednoczonymi, kt\u00f3ra wci\u0105\u017c zagra\u017ca kanadyjskiej gospodarce.<\/strong><\/p>\n<p class=\"\" data-start=\"361\" data-end=\"670\">\u2013 Jako s\u0105siedzi i partnerzy w ramach Kanady, Ontario i Manitoba mog\u0105 wyznacza\u0107 kierunek, tworz\u0105c nowe mo\u017cliwo\u015bci swobodnego przep\u0142ywu towar\u00f3w, us\u0142ug i pracownik\u00f3w mi\u0119dzy naszymi prowincjami \u2013 powiedzia\u0142 Ford podczas podpisania porozumienia w Queen\u2019s Park. \u2013 I w\u0142a\u015bnie do tego prowadzi dzisiejsze porozumienie.<\/p>\n<p class=\"\" data-start=\"672\" data-end=\"847\">Ford podkre\u015bli\u0142, \u017ce dzia\u0142ania zmierzaj\u0105ce do ograniczenia barier handlowych pomi\u0119dzy prowincjami pomog\u0105 \u201euwolni\u0107 ogromny potencja\u0142 prawdziwego wolnego handlu wewn\u0105trz Kanady\u201d.<\/p>\n<p class=\"\" data-start=\"849\" data-end=\"1094\">W komunikacie rz\u0105dowym zaznaczono, \u017ce prowincje zgodzi\u0142y si\u0119 na zwi\u0119kszenie przep\u0142ywu towar\u00f3w, us\u0142ug, inwestycji i pracownik\u00f3w, w tym m.in. sprzeda\u017cy alkoholu bezpo\u015brednio do konsument\u00f3w oraz usprawnienia mobilno\u015bci zawodowej mi\u0119dzy prowincjami.<\/p>\n<p class=\"\" data-start=\"1096\" data-end=\"1204\">Zgodnie z danymi rz\u0105du, warto\u015b\u0107 handlu mi\u0119dzy Ontario a Manitob\u0105 wynios\u0142a w 2021 roku 19,5 miliarda dolar\u00f3w.<\/p>\n<p class=\"\" data-start=\"1206\" data-end=\"1284\">Wyst\u0119puj\u0105c wsp\u00f3lnie z Fordem, premier Manitoby Wab Kinew powt\u00f3rzy\u0142 jego s\u0142owa.<\/p>\n<p class=\"\" data-start=\"1286\" data-end=\"1638\">\u2013 Wiemy, \u017ce nasz kraj zosta\u0142 zagro\u017cony, ale z podziwem obserwujemy, jak Kanadyjczycy odpowiadaj\u0105 na te wyzwania wobec naszej gospodarki, m\u00f3wi\u0105c: chcemy wykorzysta\u0107 t\u0119 szans\u0119, by budowa\u0107 silniejsz\u0105 Kanad\u0119 \u2013 m\u00f3wi\u0142 Kinew. \u2013 Chcemy tworzy\u0107 wi\u0119cej miejsc pracy, chcemy, by wi\u0119cej pieni\u0119dzy trafia\u0142o do portfeli i na konta mieszka\u0144c\u00f3w tego wspania\u0142ego kraju.<\/p>\n<p class=\"\" data-start=\"1640\" data-end=\"1793\">\u2013 Wierz\u0119, \u017ce mamy teraz prawdziw\u0105 szans\u0119 na realizacj\u0119 wielkich projekt\u00f3w o charakterze narodowym, kt\u00f3re dot\u0105d pozostawa\u0142y jedynie w sferze idei \u2013 doda\u0142.<\/p>\n<p class=\"\" data-start=\"1795\" data-end=\"2069\">Zniesienie barier handlowych pomi\u0119dzy prowincjami to jedno z kluczowych zobowi\u0105za\u0144 premier\u00f3w i rz\u0105du federalnego w obliczu zagro\u017ce\u0144 wynikaj\u0105cych z taryf celnych. Wszyscy s\u0105 zgodni co do tego, \u017ce zr\u00f3\u017cnicowane standardy dotycz\u0105ce pracy i produkt\u00f3w tworz\u0105 utrudnienia w handlu.<\/p>\n<p class=\"\" data-start=\"2071\" data-end=\"2246\">Prowincja podaje, \u017ce warto\u015b\u0107 wzajemnego handlu towarami i us\u0142ugami pomi\u0119dzy Ontario a innymi prowincjami i terytoriami Kanady wynios\u0142a w 2023 roku ponad 326 miliard\u00f3w dolar\u00f3w.<\/p>\n<p class=\"\" data-start=\"2248\" data-end=\"2372\">Ontario podpisa\u0142o niedawno tak\u017ce podobne memoranda o wsp\u00f3\u0142pracy na rzecz wolnego handlu z Now\u0105 Szkocj\u0105 i Nowym Brunszwikiem.<\/p>\n","protected":false},"excerpt":{"rendered":"<p>Premier Ontario Doug Ford oraz premier Manitoby Wab Kinew podpisali w \u015brod\u0119 memorandum o wsp\u00f3\u0142pracy maj\u0105ce na celu ograniczenie prowincyjnych barier handlowych, w kontek\u015bcie trwaj\u0105cej&hellip;<\/p>\n","protected":false},"author":3,"featured_media":1284,"comment_status":"open","ping_status":"open","sticky":false,"template":"","format":"standard","meta":{"footnotes":""},"categories":[12,18],"tags":[],"class_list":["post-1283","post","type-post","status-publish","format-standard","has-post-thumbnail","hentry","category-kanada","category-top-news"],"_links":{"self":[{"href":"https:\/\/radiopoloniawinnipeg.com\/index.php\/wp-json\/wp\/v2\/posts\/1283","targetHints":{"allow":["GET"]}}],"collection":[{"href":"https:\/\/radiopoloniawinnipeg.com\/index.php\/wp-json\/wp\/v2\/posts"}],"about":[{"href":"https:\/\/radiopoloniawinnipeg.com\/index.php\/wp-json\/wp\/v2\/types\/post"}],"author":[{"embeddable":true,"href":"https:\/\/radiopoloniawinnipeg.com\/index.php\/wp-json\/wp\/v2\/users\/3"}],"replies":[{"embeddable":true,"href":"https:\/\/radiopoloniawinnipeg.com\/index.php\/wp-json\/wp\/v2\/comments?post=1283"}],"version-history":[{"count":0,"href":"https:\/\/radiopoloniawinnipeg.com\/index.php\/wp-json\/wp\/v2\/posts\/1283\/revisions"}],"wp:featuredmedia":[{"embeddable":true,"href":"https:\/\/radiopoloniawinnipeg.com\/index.php\/wp-json\/wp\/v2\/media\/1284"}],"wp:attachment":[{"href":"https:\/\/radiopoloniawinnipeg.com\/index.php\/wp-json\/wp\/v2\/media?parent=1283"}],"wp:term":[{"taxonomy":"category","embeddable":true,"href":"https:\/\/radiopoloniawinnipeg.com\/index.php\/wp-json\/wp\/v2\/categories?post=1283"},{"taxonomy":"post_tag","embeddable":true,"href":"https:\/\/radiopoloniawinnipeg.com\/index.php\/wp-json\/wp\/v2\/tags?post=1283"}],"curies":[{"name":"wp","href":"https:\/\/api.w.org\/{rel}","templated":true}]}}