{"id":1292,"date":"2025-05-15T07:15:06","date_gmt":"2025-05-15T11:15:06","guid":{"rendered":"https:\/\/radiopoloniawinnipeg.com\/index.php\/2025\/05\/15\/tusk-oglasza-program-polskie-morze\/"},"modified":"2025-05-15T07:15:06","modified_gmt":"2025-05-15T11:15:06","slug":"tusk-oglasza-program-polskie-morze","status":"publish","type":"post","link":"https:\/\/radiopoloniawinnipeg.com\/index.php\/2025\/05\/15\/tusk-oglasza-program-polskie-morze\/","title":{"rendered":"Tusk og\u0142asza program \u201ePolskie Morze&#8221;"},"content":{"rendered":"<p><img decoding=\"async\" loading=\"lazy\" class=\"aligncenter size-custom-full-size wp-image-211806\" src=\"https:\/\/bejsment.com\/wp-content\/uploads\/2025\/05\/aatusk-1-636x477.jpg\" alt=\"\" width=\"636\" height=\"477\" \/><\/p>\n<p><strong>Premier Donald Tusk og\u0142osi\u0142 w czwartek w Szczecinie uruchomienie nowego programu gospodarczego \u201ePolskie Morze\u201d. Jak podkre\u015bli\u0142, jego celem jest wykorzystanie potencja\u0142u polskiego wybrze\u017ca \u2013 od Gda\u0144ska po Szczecin \u2013 oraz zwi\u0119kszenie bezpiecze\u0144stwa, inwestycji i zysk\u00f3w p\u0142yn\u0105cych z gospodarki morskiej.<\/strong><\/p>\n<p>\u2013 Szczecin to miejsce wyj\u0105tkowe, kt\u00f3re musi sprosta\u0107 wyj\u0105tkowym wyzwaniom \u2013 m\u00f3wi\u0142 Tusk podczas Mi\u0119dzynarodowego Kongresu Morskiego. \u2013 Je\u015bli my\u015blimy \u201epo piastowsku\u201d o idei \u201eWielkiego Pomorza\u201d, to nie chodzi o wi\u0119ksze terytorium, lecz o m\u0105dre zagospodarowanie tego pasa wybrze\u017ca \u2013 zaznaczy\u0142.<\/p>\n<p>Premier nawi\u0105za\u0142 do przypadaj\u0105cego w tym roku Tysi\u0105clecia Koronacji Polski i piastowskiego dziedzictwa, kt\u00f3re \u2013 jak powiedzia\u0142 \u2013 obejmuje r\u00f3wnie\u017c \u201erodz\u0105ce si\u0119 polskie ambicje nad Ba\u0142tykiem\u201d.<\/p>\n<p>Jednym z g\u0142\u00f3wnych cel\u00f3w programu \u201ePolskie Morze\u201d ma by\u0107 wzmocnienie bezpiecze\u0144stwa na Ba\u0142tyku.<\/p>\n<p>\u2013 Dlatego z determinacj\u0105 przyst\u0105pili\u015bmy do organizowania mi\u0119dzynarodowej ochrony naszych w\u00f3d. Wykorzystujemy mo\u017cliwo\u015bci NATO i pa\u0144stw cz\u0142onkowskich, by chroni\u0107 statki, porty, farmy wiatrowe, gazoci\u0105gi, a w przysz\u0142o\u015bci tak\u017ce elektrowni\u0119 j\u0105drow\u0105 \u2013 zapowiedzia\u0142 premier.<\/p>\n<p>Tusk odni\u00f3s\u0142 si\u0119 r\u00f3wnie\u017c do kontrowersji wok\u00f3\u0142 planowanej budowy terminalu kontenerowego w \u015awinouj\u015bciu, kt\u00f3rej sprzeciwiaj\u0105 si\u0119 m.in. niemieccy ekolodzy.<\/p>\n<p>\u2013 Nikt nie zablokuje nam terminalu w \u015awinouj\u015bciu \u2013 zapewni\u0142.<\/p>\n<p>Szef rz\u0105du podkre\u015bli\u0142, \u017ce w ci\u0105gu ostatniego roku polskie porty przynios\u0142y 56 miliard\u00f3w z\u0142otych z tytu\u0142u ce\u0142, a ich zysk netto wzr\u00f3s\u0142 o 26 proc. Do 2030 roku rz\u0105d chce potroi\u0107 wyniki polskich terminali kontenerowych i zapewni\u0107 Polsce dominuj\u0105c\u0105 pozycj\u0119 na Ba\u0142tyku.<\/p>\n<p>\u2013 Inwestujemy w morsk\u0105 energetyk\u0119 wiatrow\u0105, a na tym maj\u0105 zyska\u0107 polskie firmy, porty i przedsi\u0119biorcy. Polonizacja Ba\u0142tyku to nie tylko nazwa programu \u2013 to konkretny plan, w kt\u00f3rym to Polacy b\u0119d\u0105 zarabia\u0107 na rozwoju naszego wybrze\u017ca \u2013 zaznaczy\u0142 Tusk.<\/p>\n<p style=\"text-align: right\"><em>Na podst. Polsat News<\/em><\/p>\n","protected":false},"excerpt":{"rendered":"<p>Premier Donald Tusk og\u0142osi\u0142 w czwartek w Szczecinie uruchomienie nowego programu gospodarczego \u201ePolskie Morze\u201d. Jak podkre\u015bli\u0142, jego celem jest wykorzystanie potencja\u0142u polskiego wybrze\u017ca \u2013 od&hellip;<\/p>\n","protected":false},"author":3,"featured_media":1293,"comment_status":"open","ping_status":"open","sticky":false,"template":"","format":"standard","meta":{"footnotes":""},"categories":[14,18],"tags":[],"class_list":["post-1292","post","type-post","status-publish","format-standard","has-post-thumbnail","hentry","category-polska","category-top-news"],"_links":{"self":[{"href":"https:\/\/radiopoloniawinnipeg.com\/index.php\/wp-json\/wp\/v2\/posts\/1292","targetHints":{"allow":["GET"]}}],"collection":[{"href":"https:\/\/radiopoloniawinnipeg.com\/index.php\/wp-json\/wp\/v2\/posts"}],"about":[{"href":"https:\/\/radiopoloniawinnipeg.com\/index.php\/wp-json\/wp\/v2\/types\/post"}],"author":[{"embeddable":true,"href":"https:\/\/radiopoloniawinnipeg.com\/index.php\/wp-json\/wp\/v2\/users\/3"}],"replies":[{"embeddable":true,"href":"https:\/\/radiopoloniawinnipeg.com\/index.php\/wp-json\/wp\/v2\/comments?post=1292"}],"version-history":[{"count":0,"href":"https:\/\/radiopoloniawinnipeg.com\/index.php\/wp-json\/wp\/v2\/posts\/1292\/revisions"}],"wp:featuredmedia":[{"embeddable":true,"href":"https:\/\/radiopoloniawinnipeg.com\/index.php\/wp-json\/wp\/v2\/media\/1293"}],"wp:attachment":[{"href":"https:\/\/radiopoloniawinnipeg.com\/index.php\/wp-json\/wp\/v2\/media?parent=1292"}],"wp:term":[{"taxonomy":"category","embeddable":true,"href":"https:\/\/radiopoloniawinnipeg.com\/index.php\/wp-json\/wp\/v2\/categories?post=1292"},{"taxonomy":"post_tag","embeddable":true,"href":"https:\/\/radiopoloniawinnipeg.com\/index.php\/wp-json\/wp\/v2\/tags?post=1292"}],"curies":[{"name":"wp","href":"https:\/\/api.w.org\/{rel}","templated":true}]}}