{"id":1294,"date":"2025-05-15T07:30:06","date_gmt":"2025-05-15T11:30:06","guid":{"rendered":"https:\/\/radiopoloniawinnipeg.com\/index.php\/2025\/05\/15\/rosja-prowokuje-nad-baltykiem-sytuacja-jest-bardzo-powazna\/"},"modified":"2025-05-15T07:30:06","modified_gmt":"2025-05-15T11:30:06","slug":"rosja-prowokuje-nad-baltykiem-sytuacja-jest-bardzo-powazna","status":"publish","type":"post","link":"https:\/\/radiopoloniawinnipeg.com\/index.php\/2025\/05\/15\/rosja-prowokuje-nad-baltykiem-sytuacja-jest-bardzo-powazna\/","title":{"rendered":"Rosja prowokuje nad Ba\u0142tykiem. \u201eSytuacja jest bardzo powa\u017cna&#8221;"},"content":{"rendered":"<p><img loading=\"lazy\" decoding=\"async\" class=\"aligncenter size-custom-full-size wp-image-211816\" src=\"https:\/\/bejsment.com\/wp-content\/uploads\/2025\/05\/aasu-636x353.jpg\" alt=\"\" width=\"636\" height=\"353\" \/><\/p>\n<p><strong>Napi\u0119cia na Ba\u0142tyku rosn\u0105. Rosyjski Su-35 narusza esto\u0144sk\u0105 przestrze\u0144, gdy marynarka eskortuje podejrzany tankowiec. NATO reaguje natychmiast, ale esto\u0144scy ministrowie bij\u0105 na alarm.<\/strong><\/p>\n<p>Esto\u0144skie Si\u0142y Zbrojne poinformowa\u0142y, \u017ce rosyjski my\u015bliwiec Su-35 naruszy\u0142 we wtorek przestrze\u0144 powietrzn\u0105 Estonii w rejonie Juminda. Do zdarzenia dosz\u0142o w czasie, gdy esto\u0144ska marynarka pr\u00f3bowa\u0142a zatrzyma\u0107 tankowiec \u201eJaguar\u201d, podejrzewany o przynale\u017cno\u015b\u0107 do tzw. \u201efloty cieni\u201d Federacji Rosyjskiej.<\/p>\n<p>W zwi\u0105zku z incydentem poderwano dwa portugalskie my\u015bliwce F-16 z bazy \u00c4mari, kt\u00f3re pe\u0142ni\u0105 dy\u017cur w ramach misji NATO Baltic Air Policing.<\/p>\n<p>Minister obrony Estonii Hanno Pevkur przekaza\u0142, \u017ce tankowiec, p\u0142ywaj\u0105cy pod bander\u0105 Gabonu, zosta\u0142 ostatecznie odprowadzony z w\u00f3d esto\u0144skich w kierunku granicy rosyjskiej. W akcji uczestniczy\u0142y esto\u0144ski okr\u0119t wojenny, \u015bmig\u0142owiec oraz samolot patrolowy.<\/p>\n<p>\u2013 Jednostka wzbudza\u0142a powa\u017cne w\u0105tpliwo\u015bci co do swojej przynale\u017cno\u015bci i celu podr\u00f3\u017cy \u2013 doda\u0142 minister.<\/p>\n<p>Z kolei esto\u0144ski minister spraw zagranicznych Margus Tsahkna oceni\u0142 sytuacj\u0119 jako bardzo powa\u017cn\u0105.<\/p>\n<p>\u2013 Rosja wys\u0142a\u0142a my\u015bliwiec, kiedy Estonia pr\u00f3bowa\u0142a zatrzyma\u0107 tankowiec z tzw. floty cieni. To pokazuje, \u017ce musimy dzia\u0142a\u0107 \u2013 podkre\u015bli\u0142. Jak zaznaczy\u0142, my\u015bliwiec Su-35 naruszy\u0142 esto\u0144sk\u0105 przestrze\u0144 powietrzn\u0105 na oko\u0142o minut\u0119.<\/p>\n<p>Esto\u0144skie si\u0142y potwierdzi\u0142y, \u017ce rosyjski samolot nie mia\u0142 planu lotu, lecia\u0142 z wy\u0142\u0105czonym transponderem i nie odpowiada\u0142 na pr\u00f3by nawi\u0105zania \u0142\u0105czno\u015bci radiowej.<\/p>\n<p>W odpowiedzi na naruszenie przestrzeni powietrznej, esto\u0144skie MSZ wezwa\u0142o rosyjskiego charg\u00e9 d\u2019affaires w celu z\u0142o\u017cenia wyja\u015bnie\u0144. By\u0142o to pierwsze w tym roku takie naruszenie ze strony Rosji.<\/p>\n<p style=\"text-align: right\"><em>Na podst. Polsat News<br \/>\n<\/em><\/p>\n<p>This page imported from <a href=\"https:\/\/bejsment.com\/?p=211814\">Bejsment<\/a><\/p>\n","protected":false},"excerpt":{"rendered":"<p>Napi\u0119cia na Ba\u0142tyku rosn\u0105. Rosyjski Su-35 narusza esto\u0144sk\u0105 przestrze\u0144, gdy marynarka eskortuje podejrzany tankowiec. NATO reaguje natychmiast, ale esto\u0144scy ministrowie bij\u0105 na alarm. Esto\u0144skie Si\u0142y&hellip;<\/p>\n","protected":false},"author":3,"featured_media":1295,"comment_status":"open","ping_status":"open","sticky":false,"template":"","format":"standard","meta":{"footnotes":""},"categories":[15,18],"tags":[],"class_list":["post-1294","post","type-post","status-publish","format-standard","has-post-thumbnail","hentry","category-swiat","category-top-news"],"_links":{"self":[{"href":"https:\/\/radiopoloniawinnipeg.com\/index.php\/wp-json\/wp\/v2\/posts\/1294","targetHints":{"allow":["GET"]}}],"collection":[{"href":"https:\/\/radiopoloniawinnipeg.com\/index.php\/wp-json\/wp\/v2\/posts"}],"about":[{"href":"https:\/\/radiopoloniawinnipeg.com\/index.php\/wp-json\/wp\/v2\/types\/post"}],"author":[{"embeddable":true,"href":"https:\/\/radiopoloniawinnipeg.com\/index.php\/wp-json\/wp\/v2\/users\/3"}],"replies":[{"embeddable":true,"href":"https:\/\/radiopoloniawinnipeg.com\/index.php\/wp-json\/wp\/v2\/comments?post=1294"}],"version-history":[{"count":0,"href":"https:\/\/radiopoloniawinnipeg.com\/index.php\/wp-json\/wp\/v2\/posts\/1294\/revisions"}],"wp:featuredmedia":[{"embeddable":true,"href":"https:\/\/radiopoloniawinnipeg.com\/index.php\/wp-json\/wp\/v2\/media\/1295"}],"wp:attachment":[{"href":"https:\/\/radiopoloniawinnipeg.com\/index.php\/wp-json\/wp\/v2\/media?parent=1294"}],"wp:term":[{"taxonomy":"category","embeddable":true,"href":"https:\/\/radiopoloniawinnipeg.com\/index.php\/wp-json\/wp\/v2\/categories?post=1294"},{"taxonomy":"post_tag","embeddable":true,"href":"https:\/\/radiopoloniawinnipeg.com\/index.php\/wp-json\/wp\/v2\/tags?post=1294"}],"curies":[{"name":"wp","href":"https:\/\/api.w.org\/{rel}","templated":true}]}}