{"id":1306,"date":"2025-05-16T07:30:06","date_gmt":"2025-05-16T11:30:06","guid":{"rendered":"https:\/\/radiopoloniawinnipeg.com\/index.php\/2025\/05\/16\/reklamy-promujace-trzaskowskiego-pod-lupa-pis-oskarza-o-lamanie-prawa\/"},"modified":"2025-05-16T07:30:06","modified_gmt":"2025-05-16T11:30:06","slug":"reklamy-promujace-trzaskowskiego-pod-lupa-pis-oskarza-o-lamanie-prawa","status":"publish","type":"post","link":"https:\/\/radiopoloniawinnipeg.com\/index.php\/2025\/05\/16\/reklamy-promujace-trzaskowskiego-pod-lupa-pis-oskarza-o-lamanie-prawa\/","title":{"rendered":"Reklamy promuj\u0105ce Trzaskowskiego pod lup\u0105. PiS oskar\u017ca o \u0142amanie prawa"},"content":{"rendered":"<p><img decoding=\"async\" loading=\"lazy\" class=\"aligncenter size-custom-full-size wp-image-211900\" src=\"https:\/\/bejsment.com\/wp-content\/uploads\/2025\/05\/aaakcja2-636x318.jpg\" alt=\"\" width=\"636\" height=\"318\" \/><\/p>\n<p><strong>Dwa nieznane profile, sponsorowane reklamy i powi\u0105zania z fundacj\u0105 \u2013 PiS zapowiada wniosek o komisj\u0119 \u015bledcz\u0105 w sprawie rzekomego nielegalnego wsparcia kampanii Rafa\u0142a Trzaskowskiego.<\/strong><\/p>\n<p>Prawo i Sprawiedliwo\u015b\u0107 zapowiedzia\u0142o z\u0142o\u017cenie zawiadomienia do prokuratury oraz powiadomienie Pa\u0144stwowej Komisji Wyborczej w sprawie domniemanego nielegalnego finansowania kampanii prezydenckiej Rafa\u0142a Trzaskowskiego. Jak twierdzi szef klubu PiS Mariusz B\u0142aszczak, za internetowymi reklamami promuj\u0105cymi kandydata Koalicji Obywatelskiej stoj\u0105 osoby zwi\u0105zane z fundacj\u0105 Akcja Demokracja, a koszty kampanii mia\u0142yby pochodzi\u0107 spoza oficjalnego funduszu wyborczego.<\/p>\n<h3><strong>Reklamy ze wsparciem dla Trzaskowskiego i krytyk\u0105 konkurent\u00f3w<\/strong><\/h3>\n<p>Wed\u0142ug doniesie\u0144 Wirtualnej Polski, od 10 kwietnia Facebook zalewany by\u0142 sponsorowanymi materia\u0142ami politycznymi, kt\u00f3re promowa\u0142y Trzaskowskiego i uderza\u0142y w innych kandydat\u00f3w, m.in. Karola Nawrockiego i S\u0142awomira Mentzena. Autorami tre\u015bci mia\u0142y by\u0107 dwa nieznane wcze\u015bniej profile: \u201eWiesz Jak Nie Jest\u201d oraz \u201eSt\u00f3\u0142 Doros\u0142ych\u201d.<\/p>\n<p>W reklamach, stylizowanych na wypowiedzi zwyk\u0142ych obywateli, pojawili si\u0119 aktywi\u015bci zwi\u0105zani \u2013 jak ustalili dziennikarze \u2013 z fundacj\u0105 Akcja Demokracja. Prezes tej organizacji, Jakub Kocjan, przyzna\u0142, \u017ce jeden z pracownik\u00f3w fundacji pomaga\u0142 zagranicznej firmie w poszukiwaniu uczestnik\u00f3w nagra\u0144, ale zaprzeczy\u0142, jakoby kampania promowa\u0142a konkretnego kandydata.<\/p>\n<h3><strong>PiS: \u201eNielegalne finansowanie kampanii\u201d<\/strong><\/h3>\n<p>Podczas konferencji prasowej Mariusz B\u0142aszczak m\u00f3wi\u0142 o \u201ezalewie reklam\u201d o wyra\u017anym charakterze agitacyjnym i zarzuci\u0142, \u017ce nie by\u0142y one finansowane z oficjalnego funduszu komitetu wyborczego.<\/p>\n<p>\u2013 Wszystko wskazuje na to, \u017ce mamy do czynienia z nielegalnym finansowaniem kampanii Rafa\u0142a Trzaskowskiego \u2013 stwierdzi\u0142. Zapowiedzia\u0142 skierowanie sprawy do prokuratury, PKW, a po wyborach \u2013 wniosek o powo\u0142anie komisji \u015bledczej.<\/p>\n<p>Do sprawy odni\u00f3s\u0142 si\u0119 tak\u017ce lider PiS Jaros\u0142aw Kaczy\u0144ski. W emocjonalnym wpisie na platformie X oskar\u017cy\u0142 ob\u00f3z rz\u0105dz\u0105cy o prowadzenie \u201enajwi\u0119kszej akcji dezinformacji\u201d i \u201e\u0142amanie zasad demokracji\u201d.<\/p>\n<p>\u2013 Na hejt i agresj\u0119 wydaj\u0105 nielegalnie ogromne pieni\u0105dze \u2013 napisa\u0142, wzywaj\u0105c wyborc\u00f3w do mobilizacji 18 maja.<\/p>\n<h3><strong>W\u0105tpliwo\u015bci wok\u00f3\u0142 roli NASK i finansowania reklam<\/strong><\/h3>\n<p>Pose\u0142 PiS Andrzej \u015aliwka odni\u00f3s\u0142 si\u0119 natomiast do komunikatu NASK, kt\u00f3ry wskaza\u0142, \u017ce zaanga\u017cowane konta reklamowe wyda\u0142y wi\u0119cej \u015brodk\u00f3w ni\u017c jakikolwiek komitet wyborczy. Jego zdaniem, informacje przekazane przez agencj\u0119 s\u0105 \u201edezinformuj\u0105ce\u201d, poniewa\u017c \u2013 jak twierdzi \u2013 kampania wyra\u017anie uderza\u0142a w Karola Nawrockiego, a wspiera\u0142a Trzaskowskiego.<\/p>\n<p>\u2013 Nie mo\u017ce by\u0107 tak, \u017ce fundacje zale\u017cne od Trzaskowskiego, Tuska i Gawkowskiego w spos\u00f3b nielegalny prowadz\u0105 kampani\u0119 wyborcz\u0105, wp\u0142ywaj\u0105c na jej wynik \u2013 powiedzia\u0142 \u015aliwka.<\/p>\n<h3><strong>Reakcja Akcji Demokracji<\/strong><\/h3>\n<p><img decoding=\"async\" loading=\"lazy\" class=\"aligncenter size-custom-full-size wp-image-211901\" src=\"https:\/\/bejsment.com\/wp-content\/uploads\/2025\/05\/aaakcja-636x396.jpg\" alt=\"\" width=\"636\" height=\"396\" \/><\/p>\n<p>Fundacja Akcja Demokracja zapewnia, \u017ce nie prowadzi kampanii wyborczej, lecz dzia\u0142ania profrekwencyjne. Jakub Kocjan podkre\u015bli\u0142, \u017ce cho\u0107 fundacja wsp\u00f3\u0142pracuje z zagraniczn\u0105 firm\u0105 Estratos Digital GmbH, jej rola ogranicza si\u0119 do us\u0142ug technologicznych i komunikacyjnych. \u2013 Nie widzia\u0142em w materia\u0142ach promowania \u017cadnego konkretnego kandydata \u2013 powiedzia\u0142 w rozmowie z Polsat News.<\/p>\n<p>W spraw\u0119 zaanga\u017cowano Agencj\u0119 Bezpiecze\u0144stwa Wewn\u0119trznego, kt\u00f3ra ma ustali\u0107 \u017ar\u00f3d\u0142o finansowania reklam oraz powi\u0105zania mi\u0119dzy fundacj\u0105, jej pracownikami i kampani\u0105 Trzaskowskiego.<\/p>\n<p style=\"text-align: right\"><em>Na podst. iPL i Wirtualna Polska<\/em><\/p>\n","protected":false},"excerpt":{"rendered":"<p>Dwa nieznane profile, sponsorowane reklamy i powi\u0105zania z fundacj\u0105 \u2013 PiS zapowiada wniosek o komisj\u0119 \u015bledcz\u0105 w sprawie rzekomego nielegalnego wsparcia kampanii Rafa\u0142a Trzaskowskiego. Prawo&hellip;<\/p>\n","protected":false},"author":3,"featured_media":1307,"comment_status":"open","ping_status":"open","sticky":false,"template":"","format":"standard","meta":{"footnotes":""},"categories":[14,18],"tags":[],"class_list":["post-1306","post","type-post","status-publish","format-standard","has-post-thumbnail","hentry","category-polska","category-top-news"],"_links":{"self":[{"href":"https:\/\/radiopoloniawinnipeg.com\/index.php\/wp-json\/wp\/v2\/posts\/1306","targetHints":{"allow":["GET"]}}],"collection":[{"href":"https:\/\/radiopoloniawinnipeg.com\/index.php\/wp-json\/wp\/v2\/posts"}],"about":[{"href":"https:\/\/radiopoloniawinnipeg.com\/index.php\/wp-json\/wp\/v2\/types\/post"}],"author":[{"embeddable":true,"href":"https:\/\/radiopoloniawinnipeg.com\/index.php\/wp-json\/wp\/v2\/users\/3"}],"replies":[{"embeddable":true,"href":"https:\/\/radiopoloniawinnipeg.com\/index.php\/wp-json\/wp\/v2\/comments?post=1306"}],"version-history":[{"count":0,"href":"https:\/\/radiopoloniawinnipeg.com\/index.php\/wp-json\/wp\/v2\/posts\/1306\/revisions"}],"wp:featuredmedia":[{"embeddable":true,"href":"https:\/\/radiopoloniawinnipeg.com\/index.php\/wp-json\/wp\/v2\/media\/1307"}],"wp:attachment":[{"href":"https:\/\/radiopoloniawinnipeg.com\/index.php\/wp-json\/wp\/v2\/media?parent=1306"}],"wp:term":[{"taxonomy":"category","embeddable":true,"href":"https:\/\/radiopoloniawinnipeg.com\/index.php\/wp-json\/wp\/v2\/categories?post=1306"},{"taxonomy":"post_tag","embeddable":true,"href":"https:\/\/radiopoloniawinnipeg.com\/index.php\/wp-json\/wp\/v2\/tags?post=1306"}],"curies":[{"name":"wp","href":"https:\/\/api.w.org\/{rel}","templated":true}]}}