{"id":1376,"date":"2025-05-20T11:15:02","date_gmt":"2025-05-20T15:15:02","guid":{"rendered":"https:\/\/radiopoloniawinnipeg.com\/index.php\/2025\/05\/20\/canada-post-znow-zagrozona-strajkiem\/"},"modified":"2025-05-20T11:15:02","modified_gmt":"2025-05-20T15:15:02","slug":"canada-post-znow-zagrozona-strajkiem","status":"publish","type":"post","link":"https:\/\/radiopoloniawinnipeg.com\/index.php\/2025\/05\/20\/canada-post-znow-zagrozona-strajkiem\/","title":{"rendered":"Canada Post zn\u00f3w zagro\u017cona strajkiem"},"content":{"rendered":"<p><img decoding=\"async\" loading=\"lazy\" class=\"aligncenter size-custom-full-size wp-image-212201\" src=\"https:\/\/bejsment.com\/wp-content\/uploads\/2025\/05\/aapoczta-636x420.jpg\" alt=\"\" width=\"636\" height=\"420\" \/><\/p>\n<p><strong>Ju\u017c w pi\u0105tek mo\u017ce doj\u015b\u0107 do og\u00f3lnokrajowego wstrzymania dzia\u0142alno\u015bci Poczty Kanadyjskiej. Zwi\u0105zek zawodowy reprezentuj\u0105cy pracownik\u00f3w poczty og\u0142osi\u0142 strajk ostrzegawczy, kt\u00f3ry ma rozpocz\u0105\u0107 si\u0119 o p\u00f3\u0142nocy. Canada Post ostrzega przed powa\u017cnymi zak\u0142\u00f3ceniami i pog\u0142\u0119biaj\u0105cym si\u0119 kryzysem finansowym, a zwi\u0105zki oskar\u017caj\u0105 firm\u0119 o jednostronne dzia\u0142ania i ignorowanie g\u0142osu pracownik\u00f3w.<\/strong><\/p>\n<p>Poczta Kanadyjska otrzyma\u0142a oficjalne zawiadomienie o planowanym strajku ze strony zwi\u0105zku zawodowego reprezentuj\u0105cego ponad 55\u202ftysi\u0119cy pracownik\u00f3w. Protest ma rozpocz\u0105\u0107 si\u0119 w pi\u0105tek 24 maja o p\u00f3\u0142nocy. Je\u015bli dojdzie do jego realizacji, dzia\u0142alno\u015b\u0107 pocztowa w ca\u0142ym kraju zostanie wstrzymana \u2013 po raz drugi w ci\u0105gu ostatnich sze\u015bciu miesi\u0119cy.<\/p>\n<p>Jak poinformowa\u0142a Canada Post, \u017cadna nowa przesy\u0142ka nie b\u0119dzie przyjmowana, a te znajduj\u0105ce si\u0119 ju\u017c w systemie zostan\u0105 \u201ezabezpieczone\u201d, ale nie dostarczone. Wyj\u0105tek maj\u0105 stanowi\u0107 czeki pomocy spo\u0142ecznej oraz \u017cywe zwierz\u0119ta \u2013 te ostatnie jednak nie b\u0119d\u0105 ju\u017c przyjmowane do wysy\u0142ki.<\/p>\n<p>Strajk mo\u017ce sparali\u017cowa\u0107 system dystrybucji, przez kt\u00f3ry rocznie przesy\u0142anych jest w Kanadzie ponad dwa miliardy list\u00f3w i 300 milion\u00f3w paczek. Poprzedni protest \u2013 trwaj\u0105cy 32 dni w okresie przed\u015bwi\u0105tecznym \u2013 spowodowa\u0142 ogromne op\u00f3\u017anienia i zaleg\u0142o\u015bci, z kt\u00f3rymi firma zmaga\u0142a si\u0119 miesi\u0105cami.<\/p>\n<p>\u2013 To bardzo rozczarowuj\u0105ce. Strajk tylko pog\u0142\u0119bi obawy naszych pracownik\u00f3w, klient\u00f3w indywidualnych i ma\u0142ych firm \u2013 powiedzia\u0142 Jon Hamilton, rzecznik Canada Post. \u2013 Wielu du\u017cych nadawc\u00f3w ju\u017c wycofa\u0142o swoje przesy\u0142ki z naszego systemu w obawie przed zak\u0142\u00f3ceniami \u2013 doda\u0142.<\/p>\n<p>Powodem decyzji zwi\u0105zku zawodowego jest m.in. niedawna deklaracja Canada Post, \u017ce firma mo\u017ce jednostronnie zmieni\u0107 warunki zatrudnienia i zawiesi\u0107 \u015bwiadczenia pracownicze. Zwi\u0105zek odpowiedzia\u0142 72-godzinnym komunikatem strajkowym, podkre\u015blaj\u0105c jednocze\u015bnie, \u017ce wci\u0105\u017c liczy na powr\u00f3t do negocjacji.<\/p>\n<p>\u2013 Wci\u0105\u017c jest czas, by usi\u0105\u015b\u0107 do sto\u0142u i wypracowa\u0107 nowe porozumienia, zw\u0142aszcza w imieniu 23\u202ftysi\u0119cy listonoszy \u2013 o\u015bwiadczy\u0142 zwi\u0105zek.<\/p>\n<p>T\u0142o sporu stanowi coraz trudniejsza sytuacja finansowa Canada Post. W 2023 r. pa\u0144stwowa korporacja zanotowa\u0142a strat\u0119 operacyjn\u0105 w wysoko\u015bci 845 mln dolar\u00f3w. W opublikowanym w pi\u0105tek rz\u0105dowym raporcie wskazano, \u017ce model biznesowy instytucji jest nie do utrzymania i wymaga g\u0142\u0119bokich reform.<\/p>\n<p>Raport, przygotowany przez komisj\u0119 pod przewodnictwem Williama Kaplana, zaleca m.in. odej\u015bcie od codziennej dostawy poczty do prywatnych dom\u00f3w (z wyj\u0105tkiem firm) oraz zniesienie moratorium na zamykanie wiejskich plac\u00f3wek pocztowych.<\/p>\n<p>\u2013 Canada Post stoi w obliczu egzystencjalnego kryzysu \u2013 napisa\u0142 Kaplan w licz\u0105cym 162 strony dokumencie. \u2013 Aby odwr\u00f3ci\u0107 rosn\u0105ce straty, konieczne s\u0105 zmiany strukturalne \u2013 zar\u00f3wno w uk\u0142adach zbiorowych, jak i w ca\u0142ym systemie dzia\u0142ania firmy.<\/p>\n<p>Zwi\u0105zek zawodowy w wi\u0119kszo\u015bci odrzuci\u0142 wnioski raportu, uznaj\u0105c je za powt\u00f3rzenie stanowisk kierownictwa. \u2013 To, co zobaczyli\u015bmy, rozczarowuje, ale nie zaskakuje \u2013 stwierdzi\u0142a rzeczniczka zwi\u0105zku Si\u00e2n Griffiths. \u2013 Nasze argumenty, poparte przez samorz\u0105dy, organizacje spo\u0142eczne i obywateli, zosta\u0142y ca\u0142kowicie zignorowane.<\/p>\n<p style=\"text-align: right\"><em>Na podst. Canadian Press<\/em><\/p>\n","protected":false},"excerpt":{"rendered":"<p>Ju\u017c w pi\u0105tek mo\u017ce doj\u015b\u0107 do og\u00f3lnokrajowego wstrzymania dzia\u0142alno\u015bci Poczty Kanadyjskiej. Zwi\u0105zek zawodowy reprezentuj\u0105cy pracownik\u00f3w poczty og\u0142osi\u0142 strajk ostrzegawczy, kt\u00f3ry ma rozpocz\u0105\u0107 si\u0119 o p\u00f3\u0142nocy.&hellip;<\/p>\n","protected":false},"author":3,"featured_media":1377,"comment_status":"open","ping_status":"open","sticky":false,"template":"","format":"standard","meta":{"footnotes":""},"categories":[12,18],"tags":[],"class_list":["post-1376","post","type-post","status-publish","format-standard","has-post-thumbnail","hentry","category-kanada","category-top-news"],"_links":{"self":[{"href":"https:\/\/radiopoloniawinnipeg.com\/index.php\/wp-json\/wp\/v2\/posts\/1376","targetHints":{"allow":["GET"]}}],"collection":[{"href":"https:\/\/radiopoloniawinnipeg.com\/index.php\/wp-json\/wp\/v2\/posts"}],"about":[{"href":"https:\/\/radiopoloniawinnipeg.com\/index.php\/wp-json\/wp\/v2\/types\/post"}],"author":[{"embeddable":true,"href":"https:\/\/radiopoloniawinnipeg.com\/index.php\/wp-json\/wp\/v2\/users\/3"}],"replies":[{"embeddable":true,"href":"https:\/\/radiopoloniawinnipeg.com\/index.php\/wp-json\/wp\/v2\/comments?post=1376"}],"version-history":[{"count":0,"href":"https:\/\/radiopoloniawinnipeg.com\/index.php\/wp-json\/wp\/v2\/posts\/1376\/revisions"}],"wp:featuredmedia":[{"embeddable":true,"href":"https:\/\/radiopoloniawinnipeg.com\/index.php\/wp-json\/wp\/v2\/media\/1377"}],"wp:attachment":[{"href":"https:\/\/radiopoloniawinnipeg.com\/index.php\/wp-json\/wp\/v2\/media?parent=1376"}],"wp:term":[{"taxonomy":"category","embeddable":true,"href":"https:\/\/radiopoloniawinnipeg.com\/index.php\/wp-json\/wp\/v2\/categories?post=1376"},{"taxonomy":"post_tag","embeddable":true,"href":"https:\/\/radiopoloniawinnipeg.com\/index.php\/wp-json\/wp\/v2\/tags?post=1376"}],"curies":[{"name":"wp","href":"https:\/\/api.w.org\/{rel}","templated":true}]}}